{"id":39898,"date":"2019-10-07T17:28:41","date_gmt":"2019-10-07T15:28:41","guid":{"rendered":"https:\/\/bice.org\/?p=39898\/"},"modified":"2019-10-07T17:36:58","modified_gmt":"2019-10-07T15:36:58","slug":"une-mobilisation-internationale-requise-pour-liberer-les-enfants-detenus","status":"publish","type":"post","link":"https:\/\/bice.org\/fr\/une-mobilisation-internationale-requise-pour-liberer-les-enfants-detenus\/","title":{"rendered":"Une mobilisation internationale requise pour lib\u00e9rer les enfants d\u00e9tenus"},"content":{"rendered":"<p>Une nouvelle \u00e9tude mondiale sur les enfants priv\u00e9s de libert\u00e9 devrait inciter les \u00c9tats membres des <a href=\"https:\/\/www.ohchr.org\/EN\/HRBodies\/CRC\/StudyChildrenDeprivedLiberty\/Pages\/Index.aspx#targetText=The%20personal%20cost%20to%20these,and%20constructive%20lives%20in%20society.\">Nations Unies<\/a> \u00e0 prendre des mesures en vue de r\u00e9duire consid\u00e9rablement le nombre d\u2019enfants d\u00e9tenus et confin\u00e9s, a d\u00e9clar\u00e9 aujourd\u2019hui une coalition de 170 organisations non gouvernementales.<\/p>\n<p>Manfred Nowak, expert ind\u00e9pendant de l\u2019ONU, pr\u00e9sentera l\u2019<a href=\"https:\/\/childrendeprivedofliberty.info\/\">\u00c9tude mondiale de l\u2019ONU sur les enfants priv\u00e9s de libert\u00e9<\/a> \u00e0 l\u2019Assembl\u00e9e g\u00e9n\u00e9rale des Nations Unies \u00e0 New York, le 8 octobre 2019. Cette \u00e9tude r\u00e9v\u00e8le qu\u2019environ 1,5 million d\u2019enfants sont priv\u00e9s de libert\u00e9 dans le monde chaque ann\u00e9e.<\/p>\n<h2>\u00ab\u00a0Souvent d\u00e9tenus ill\u00e9galement, inutilement\u00a0\u00bb<\/h2>\n<p><em>\u00ab\u00a0Les enfants sont souvent d\u00e9tenus ill\u00e9galement, inutilement et au d\u00e9triment de leur sant\u00e9 et de leur avenir\u00a0\u00bb<\/em>, a d\u00e9clar\u00e9 Alex Kamarotos, le directeur de D\u00e9fense des Enfants International et co-pr\u00e9sident du groupe consultatif d\u2019ONG pour cette \u00e9tude. <em>\u00ab\u00a0L\u2019\u00c9tude mondiale de l\u2019ONU devrait inciter chaque pays \u00e0 adopter de nouvelles politiques et pratiques visant \u00e0 r\u00e9duire consid\u00e9rablement le nombre d\u2019enfants enferm\u00e9s.\u00a0\u00bb<\/em><\/p>\n<p>Le rapport examine la situation des enfants \u2013 des mineurs \u00e2g\u00e9s de moins de 18 ans \u2013 d\u00e9tenus par l\u2019administration judiciaire, dans des centres de r\u00e9tention, dans des orphelinats et d\u2019autres institutions, ou qui vivent en prison avec leurs prestataires de soins et sont d\u00e9tenus dans des contextes de conflits arm\u00e9s et de s\u00e9curit\u00e9 nationale. L\u2019\u00c9tude mondiale, qui estime \u00e0 au moins 1,5 million le nombre d\u2019enfants priv\u00e9s de libert\u00e9 chaque ann\u00e9e, est tr\u00e8s probablement en-de\u00e7\u00e0 de la r\u00e9alit\u00e9, en raison de donn\u00e9es incompl\u00e8tes ou partiellement fiables.<\/p>\n<h2>Parmi les principales conclusions de l\u2019\u00c9tude mondiale figurent les suivantes\u00a0:<\/h2>\n<ul>\n<li>Au moins 410 000 enfants sont d\u00e9tenus chaque ann\u00e9e dans des maisons de d\u00e9tention provisoires et des prisons, o\u00f9 la violence est <em>\u00ab\u00a0end\u00e9mique\u00a0\u00bb<\/em>. Nombre d\u2019entre eux sont accus\u00e9s d\u2019<em>\u00ab\u00a0infractions li\u00e9es au statut de mineur\u00bb <\/em>qui ne constituent pas des infractions p\u00e9nales pour adultes, notamment l\u2019absent\u00e9isme, la d\u00e9sob\u00e9issance et la consommation d\u2019alcool avant l\u2019\u00e2ge l\u00e9gal.<\/li>\n<li>Bien que les experts des Nations Unies aient conclu que la d\u00e9tention d\u2019enfants pour des raisons migratoires ne peut jamais \u00eatre dans l\u2019int\u00e9r\u00eat sup\u00e9rieur d\u2019un enfant, au moins 330 000 enfants en provenance de 77 pays sont d\u00e9tenus chaque ann\u00e9e dans des centres de d\u00e9tention pour migrants.<\/li>\n<li>Entre 430 000 et 680 000 enfants ont \u00e9t\u00e9 plac\u00e9s par les autorit\u00e9s judiciaires dans des institutions r\u00e9pondant \u00e0 la d\u00e9finition l\u00e9gale de la privation de libert\u00e9, mais le nombre total de ceux plac\u00e9s dans des institutions serait compris entre 3,5 et 5,5 millions.<\/li>\n<li>Les enfants handicap\u00e9s sont nettement surrepr\u00e9sent\u00e9s en d\u00e9tention dans le contexte de l\u2019administration judiciaire et des institutions.<\/li>\n<li>Le nombre d\u2019enfants d\u00e9tenus dans le cadre de conflits arm\u00e9s et de s\u00e9curit\u00e9 nationale est en forte hausse, sous l\u2019effet de mesures antiterroristes agressives comprenant la d\u00e9tention et la poursuite en justice d\u2019enfants pour leurs activit\u00e9s en ligne, notamment des publications sur Facebook et Twitter.<\/li>\n<\/ul>\n<p>L\u2019\u00c9tude a r\u00e9v\u00e9l\u00e9 que la privation de libert\u00e9 aggrave les probl\u00e8mes de sant\u00e9 existants chez les enfants et peut en faire provoquer de nouveaux, notamment l\u2019anxi\u00e9t\u00e9, la d\u00e9pression, les pens\u00e9es suicidaires et les troubles post-traumatiques. Les troubles psychiatriques chez les enfants en d\u00e9tention peuvent \u00eatre d\u00e9cupl\u00e9s pendant la p\u00e9riode de d\u00e9tention. La d\u00e9tention est en corr\u00e9lation avec la mort pr\u00e9matur\u00e9e d\u2019enfants une fois ceux-ci remis en libert\u00e9.<\/p>\n<h2>Appliquer la Convention relative aux droits de l&#8217;enfant<\/h2>\n<p><em>\u00ab\u00a0La d\u00e9tention est fondamentalement pr\u00e9judiciable aux enfants. Pourtant, de nombreux pays l\u2019utilisent comme r\u00e9ponse initiale \u00e0 une situation difficile plut\u00f4t qu\u2019en derni\u00e8re instance\u00a0\u00bb<\/em>, a expliqu\u00e9 <a href=\"https:\/\/www.hrw.org\/fr\/about\/people\/jo-becker\">Jo Becker<\/a>, directrice du plaidoyer aupr\u00e8s de la division Droits des enfants \u00e0 Human Rights Watch et copr\u00e9sidente du Comit\u00e9 consultatif d\u2019ONG pour l\u2019\u00e9tude mondiale des enfants priv\u00e9s de libert\u00e9. <em>\u00ab\u00a0Les gouvernements devraient investir dans des solutions de substitution qui non seulement prot\u00e8gent les droits des enfants, mais aboutissent \u00e0 de bien meilleurs r\u00e9sultats pour ceux-ci, les familles et la soci\u00e9t\u00e9 en g\u00e9n\u00e9ral.\u00a0\u00bb<\/em><\/p>\n<p>Manfred Nowak a constat\u00e9 certains progr\u00e8s, notamment une r\u00e9duction du nombre d\u2019enfants plac\u00e9s en institutions ou d\u00e9tenus dans le syst\u00e8me de justice p\u00e9nale. Au moins 21 gouvernements ont affirm\u00e9 ne pas d\u00e9tenir d\u2019enfants dans un contexte migratoire. Certains ont adopt\u00e9 des protocoles officiels pour \u00e9viter la d\u00e9tention de mineurs en situation de conflit arm\u00e9. La coalition d\u2019organisations non gouvernementales a exhort\u00e9 tous les pays \u00e0 examiner et adapter les pratiques optimales d\u00e9crites dans l\u2019\u00c9tude.<\/p>\n<p>Manfred Nowak a recommand\u00e9 aux \u00c9tats d\u2019appliquer <em>\u00ab\u00a0le plus rigoureusement possible\u00a0\u00bb<\/em> la Convention relative aux droits de l\u2019enfant, qui stipule que la privation de libert\u00e9 ne doit \u00eatre appliqu\u00e9e qu\u2019en dernier recours, dans des cas exceptionnels. Il a exhort\u00e9 les pays \u00e0 <em>\u00ab\u00a0tout faire pour r\u00e9duire sensiblement le nombre d\u2019enfants d\u00e9tenus et emp\u00eacher \u00e0 temps qu\u2019ils soient priv\u00e9s de leur libert\u00e9, notamment en s\u2019attaquant aux causes profondes et imm\u00e9diates de la privation de libert\u00e9 d\u2019une mani\u00e8re syst\u00e9mique et globale.\u00a0\u00bb<\/em><\/p>\n<p>L\u2019\u00c9tude a \u00e9t\u00e9 initi\u00e9e par une r\u00e9solution de l\u2019Assembl\u00e9e g\u00e9n\u00e9rale des Nations Unies adopt\u00e9e en d\u00e9cembre 2014. Ses conclusions s\u2019appuient sur une s\u00e9rie de 12 consultations r\u00e9gionales et th\u00e9matiques, des questionnaires demandant des donn\u00e9es \u00e0 chaque \u00c9tat membre, des analyses exhaustives de la litt\u00e9rature pertinente et des recherches suppl\u00e9mentaires effectu\u00e9es par des groupes d\u2019experts. En outre, les opinions et les exp\u00e9riences de 274 enfants et adolescents (204 gar\u00e7ons et 70 filles) \u00e2g\u00e9s de 10 \u00e0 24 ans ont \u00e9t\u00e9 prises en compte.<\/p>\n<h2>170 ONG mobilis\u00e9es dont le BICE<\/h2>\n<p>Cr\u00e9\u00e9 en 2013, le Comit\u00e9 consultatif d\u2019ONG (\u00ab\u00a0NGO Panel\u00a0\u00bb) pour l\u2019\u00c9tude mondiale des enfants priv\u00e9s de libert\u00e9 est constitu\u00e9 \u00a0de <a href=\"https:\/\/childrendeprivedofliberty.info\/about\/the-ngo-panel-for-the-global-study-on-children-deprived-of-liberty\/members-of-the-ngo-panel\/\">170 organisations locales, nationales et internationales<\/a> dans le monde entier, dont le BICE. Le groupe a particip\u00e9 \u00e0 l\u2019\u00c9tude et coordonne les efforts des organisations non gouvernementales pour donner effet \u00e0 ses conclusions.<\/p>\n<p>La Comit\u00e9 d\u2019ONG a exhort\u00e9 les gouvernements \u00e0 appliquer les recommandations de l\u2019\u00c9tude mondiale. Celles-ci incluent la collecte de donn\u00e9es fiables et syst\u00e9matiques sur les enfants priv\u00e9s de libert\u00e9 et la cr\u00e9ation de plans d\u2019action nationaux visant \u00e0 r\u00e9duire au niveau mondial le nombre d\u2019enfants en d\u00e9tention et\/ou \u00e0 \u00e9liminer leur d\u00e9tention. Les ONG ont \u00e9galement exhort\u00e9 l\u2019Assembl\u00e9e g\u00e9n\u00e9rale \u00e0 cr\u00e9er officiellement une entit\u00e9 des Nations Unies charg\u00e9e de diriger les activit\u00e9s de suivi de la mise en \u0153uvre de l\u2019\u00c9tude.<\/p>\n<p><strong>Pour consulter l\u2019\u00c9tude mondiale sur les enfants priv\u00e9s de libert\u00e9 (en anglais), veuillez suivre le lien\u00a0:<\/strong><br \/>\n<a href=\"https:\/\/undocs.org\/fr\/A\/74\/136\">https:\/\/undocs.org\/fr\/A\/74\/136<\/a><\/p>\n<p><strong>La pr\u00e9sentation de l\u2019Etude par l\u2019expert ind\u00e9pendant devant la Troisi\u00e8me Commission de l\u2019Assembl\u00e9e g\u00e9n\u00e9rale de l\u2019ONU, le mardi 8 octobre, sera diffus\u00e9e en direct via ce lien\u00a0: <\/strong><a href=\"http:\/\/webtv.un.org\/\">http:\/\/webtv.un.org\/<\/a><\/p>\n","protected":false},"excerpt":{"rendered":"<p>Une \u00e9tude de l\u2019ONU r\u00e9v\u00e8le qu\u2019au moins 1,5 million d\u2019enfants sont d\u00e9tenus dans le monde chaque ann\u00e9e. Cette \u00e9tude sur les enfants priv\u00e9s de libert\u00e9 sera pr\u00e9sent\u00e9e le 8 octobre \u00e0 l\u2019Assembl\u00e9e g\u00e9n\u00e9rale des Nations Unies \u00e0 New York.<\/p>\n","protected":false},"author":19,"featured_media":6532,"comment_status":"closed","ping_status":"closed","sticky":false,"template":"","format":"standard","meta":{"_acf_changed":false,"footnotes":"","jetpack_publicize_message":"","jetpack_publicize_feature_enabled":true,"jetpack_social_post_already_shared":false,"jetpack_social_options":{"image_generator_settings":{"template":"highway","default_image_id":0,"font":"","enabled":false},"version":2}},"categories":[132],"tags":[984,1809,1810,384],"class_list":["post-39898","post","type-post","status-publish","format-standard","has-post-thumbnail","hentry","category-actualites-du-bice","tag-enfants-prives-de-liberte","tag-etude-mondiale","tag-mobilisation","tag-onu"],"acf":[],"yoast_head":"<!-- This site is optimized with the Yoast SEO plugin v27.2 - https:\/\/yoast.com\/product\/yoast-seo-wordpress\/ -->\n<title>Une mobilisation internationale requise pour lib\u00e9rer les enfants d\u00e9tenus - BICE - ONG de protection des droits de l&#039;enfant<\/title>\n<meta name=\"robots\" content=\"index, follow, max-snippet:-1, max-image-preview:large, max-video-preview:-1\" \/>\n<link rel=\"canonical\" href=\"https:\/\/bice.org\/fr\/wp-json\/wp\/v2\/posts\/39898\" \/>\n<meta property=\"og:locale\" content=\"fr_FR\" \/>\n<meta property=\"og:type\" content=\"article\" \/>\n<meta property=\"og:title\" content=\"Une mobilisation internationale requise pour lib\u00e9rer les enfants d\u00e9tenus - BICE - ONG de protection des droits de l&#039;enfant\" \/>\n<meta property=\"og:description\" content=\"Une \u00e9tude de l\u2019ONU r\u00e9v\u00e8le qu\u2019au moins 1,5 million d\u2019enfants sont d\u00e9tenus dans le monde chaque ann\u00e9e. Cette \u00e9tude sur les enfants priv\u00e9s de libert\u00e9 sera pr\u00e9sent\u00e9e le 8 octobre \u00e0 l\u2019Assembl\u00e9e g\u00e9n\u00e9rale des Nations Unies \u00e0 New York.\" \/>\n<meta property=\"og:url\" content=\"https:\/\/bice.org\/fr\/une-mobilisation-internationale-requise-pour-liberer-les-enfants-detenus\/\" \/>\n<meta property=\"og:site_name\" content=\"BICE - ONG de protection des droits de l&#039;enfant\" \/>\n<meta property=\"article:published_time\" content=\"2019-10-07T15:28:41+00:00\" \/>\n<meta property=\"article:modified_time\" content=\"2019-10-07T15:36:58+00:00\" \/>\n<meta property=\"og:image\" content=\"https:\/\/i0.wp.com\/bice.org\/app\/uploads\/2015\/05\/enfants-conflit-loi-rdc.jpg?fit=690%2C300&ssl=1\" \/>\n\t<meta property=\"og:image:width\" content=\"690\" \/>\n\t<meta property=\"og:image:height\" content=\"300\" \/>\n\t<meta property=\"og:image:type\" content=\"image\/jpeg\" \/>\n<meta name=\"author\" content=\"Tiphaine POIDEVIN\" \/>\n<meta name=\"twitter:card\" content=\"summary_large_image\" \/>\n<meta name=\"twitter:label1\" content=\"\u00c9crit par\" \/>\n\t<meta name=\"twitter:data1\" content=\"Tiphaine POIDEVIN\" \/>\n\t<meta name=\"twitter:label2\" content=\"Dur\u00e9e de lecture estim\u00e9e\" \/>\n\t<meta name=\"twitter:data2\" content=\"6 minutes\" \/>\n<!-- \/ Yoast SEO plugin. -->","yoast_head_json":{"title":"Une mobilisation internationale requise pour lib\u00e9rer les enfants d\u00e9tenus - BICE - ONG de protection des droits de l&#039;enfant","robots":{"index":"index","follow":"follow","max-snippet":"max-snippet:-1","max-image-preview":"max-image-preview:large","max-video-preview":"max-video-preview:-1"},"canonical":"https:\/\/bice.org\/fr\/wp-json\/wp\/v2\/posts\/39898","og_locale":"fr_FR","og_type":"article","og_title":"Une mobilisation internationale requise pour lib\u00e9rer les enfants d\u00e9tenus - BICE - ONG de protection des droits de l&#039;enfant","og_description":"Une \u00e9tude de l\u2019ONU r\u00e9v\u00e8le qu\u2019au moins 1,5 million d\u2019enfants sont d\u00e9tenus dans le monde chaque ann\u00e9e. Cette \u00e9tude sur les enfants priv\u00e9s de libert\u00e9 sera pr\u00e9sent\u00e9e le 8 octobre \u00e0 l\u2019Assembl\u00e9e g\u00e9n\u00e9rale des Nations Unies \u00e0 New York.","og_url":"https:\/\/bice.org\/fr\/une-mobilisation-internationale-requise-pour-liberer-les-enfants-detenus\/","og_site_name":"BICE - ONG de protection des droits de l&#039;enfant","article_published_time":"2019-10-07T15:28:41+00:00","article_modified_time":"2019-10-07T15:36:58+00:00","og_image":[{"width":690,"height":300,"url":"https:\/\/i0.wp.com\/bice.org\/app\/uploads\/2015\/05\/enfants-conflit-loi-rdc.jpg?fit=690%2C300&ssl=1","type":"image\/jpeg"}],"author":"Tiphaine POIDEVIN","twitter_card":"summary_large_image","twitter_misc":{"\u00c9crit par":"Tiphaine POIDEVIN","Dur\u00e9e de lecture estim\u00e9e":"6 minutes"},"schema":{"@context":"https:\/\/schema.org","@graph":[{"@type":"Article","@id":"https:\/\/bice.org\/fr\/une-mobilisation-internationale-requise-pour-liberer-les-enfants-detenus\/#article","isPartOf":{"@id":"https:\/\/bice.org\/fr\/une-mobilisation-internationale-requise-pour-liberer-les-enfants-detenus\/"},"author":{"name":"Tiphaine POIDEVIN","@id":"https:\/\/bice.org\/fr\/#\/schema\/person\/86b15587982e756d45e62e1230e9759f"},"headline":"Une mobilisation internationale requise pour lib\u00e9rer les enfants d\u00e9tenus","datePublished":"2019-10-07T15:28:41+00:00","dateModified":"2019-10-07T15:36:58+00:00","mainEntityOfPage":{"@id":"https:\/\/bice.org\/fr\/une-mobilisation-internationale-requise-pour-liberer-les-enfants-detenus\/"},"wordCount":1230,"publisher":{"@id":"https:\/\/bice.org\/fr\/#organization"},"image":{"@id":"https:\/\/bice.org\/fr\/une-mobilisation-internationale-requise-pour-liberer-les-enfants-detenus\/#primaryimage"},"thumbnailUrl":"https:\/\/i0.wp.com\/bice.org\/app\/uploads\/2015\/05\/enfants-conflit-loi-rdc.jpg?fit=690%2C300&ssl=1","keywords":["enfants priv\u00e9s de libert\u00e9","\u00e9tude mondiale","mobilisation","ONU"],"articleSection":["Actualit\u00e9s du BICE"],"inLanguage":"fr-FR"},{"@type":"WebPage","@id":"https:\/\/bice.org\/fr\/une-mobilisation-internationale-requise-pour-liberer-les-enfants-detenus\/","url":"https:\/\/bice.org\/fr\/une-mobilisation-internationale-requise-pour-liberer-les-enfants-detenus\/","name":"Une mobilisation internationale requise pour lib\u00e9rer les enfants d\u00e9tenus - BICE - ONG de protection des droits de l&#039;enfant","isPartOf":{"@id":"https:\/\/bice.org\/fr\/#website"},"primaryImageOfPage":{"@id":"https:\/\/bice.org\/fr\/une-mobilisation-internationale-requise-pour-liberer-les-enfants-detenus\/#primaryimage"},"image":{"@id":"https:\/\/bice.org\/fr\/une-mobilisation-internationale-requise-pour-liberer-les-enfants-detenus\/#primaryimage"},"thumbnailUrl":"https:\/\/i0.wp.com\/bice.org\/app\/uploads\/2015\/05\/enfants-conflit-loi-rdc.jpg?fit=690%2C300&ssl=1","datePublished":"2019-10-07T15:28:41+00:00","dateModified":"2019-10-07T15:36:58+00:00","breadcrumb":{"@id":"https:\/\/bice.org\/fr\/une-mobilisation-internationale-requise-pour-liberer-les-enfants-detenus\/#breadcrumb"},"inLanguage":"fr-FR","potentialAction":[{"@type":"ReadAction","target":["https:\/\/bice.org\/fr\/une-mobilisation-internationale-requise-pour-liberer-les-enfants-detenus\/"]}]},{"@type":"ImageObject","inLanguage":"fr-FR","@id":"https:\/\/bice.org\/fr\/une-mobilisation-internationale-requise-pour-liberer-les-enfants-detenus\/#primaryimage","url":"https:\/\/i0.wp.com\/bice.org\/app\/uploads\/2015\/05\/enfants-conflit-loi-rdc.jpg?fit=690%2C300&ssl=1","contentUrl":"https:\/\/i0.wp.com\/bice.org\/app\/uploads\/2015\/05\/enfants-conflit-loi-rdc.jpg?fit=690%2C300&ssl=1","width":690,"height":300,"caption":"\u00a9 J. Derigny"},{"@type":"BreadcrumbList","@id":"https:\/\/bice.org\/fr\/une-mobilisation-internationale-requise-pour-liberer-les-enfants-detenus\/#breadcrumb","itemListElement":[{"@type":"ListItem","position":1,"name":"Accueil","item":"https:\/\/bice.org\/fr\/"},{"@type":"ListItem","position":2,"name":"Actualit\u00e9s du BICE","item":"https:\/\/bice.org\/fr\/theme\/actualites-du-bice\/"},{"@type":"ListItem","position":3,"name":"Une mobilisation internationale requise pour lib\u00e9rer les enfants d\u00e9tenus"}]},{"@type":"WebSite","@id":"https:\/\/bice.org\/fr\/#website","url":"https:\/\/bice.org\/fr\/","name":"BICE - ONG de protection des droits de l&#039;enfant","description":"Notre mission : D\u00e9fendre les droits et la dignit\u00e9 des enfants partout dans le monde","publisher":{"@id":"https:\/\/bice.org\/fr\/#organization"},"potentialAction":[{"@type":"SearchAction","target":{"@type":"EntryPoint","urlTemplate":"https:\/\/bice.org\/fr\/?s={search_term_string}"},"query-input":{"@type":"PropertyValueSpecification","valueRequired":true,"valueName":"search_term_string"}}],"inLanguage":"fr-FR"},{"@type":"Organization","@id":"https:\/\/bice.org\/fr\/#organization","name":"BICE","url":"https:\/\/bice.org\/fr\/","logo":{"@type":"ImageObject","inLanguage":"fr-FR","@id":"https:\/\/bice.org\/fr\/#\/schema\/logo\/image\/","url":"https:\/\/bice.org\/app\/uploads\/2022\/06\/favicon.ico","contentUrl":"https:\/\/bice.org\/app\/uploads\/2022\/06\/favicon.ico","width":64,"height":64,"caption":"BICE"},"image":{"@id":"https:\/\/bice.org\/fr\/#\/schema\/logo\/image\/"}},{"@type":"Person","@id":"https:\/\/bice.org\/fr\/#\/schema\/person\/86b15587982e756d45e62e1230e9759f","name":"Tiphaine POIDEVIN","image":{"@type":"ImageObject","inLanguage":"fr-FR","@id":"https:\/\/secure.gravatar.com\/avatar\/1e6863fae181af75938b89f792dfe2810d35ae7fd6ab1fb385614a15dff81a3a?s=96&d=mm&r=g","url":"https:\/\/secure.gravatar.com\/avatar\/1e6863fae181af75938b89f792dfe2810d35ae7fd6ab1fb385614a15dff81a3a?s=96&d=mm&r=g","contentUrl":"https:\/\/secure.gravatar.com\/avatar\/1e6863fae181af75938b89f792dfe2810d35ae7fd6ab1fb385614a15dff81a3a?s=96&d=mm&r=g","caption":"Tiphaine POIDEVIN"}}]}},"jetpack_publicize_connections":[],"jetpack_featured_media_url":"https:\/\/i0.wp.com\/bice.org\/app\/uploads\/2015\/05\/enfants-conflit-loi-rdc.jpg?fit=690%2C300&ssl=1","jetpack_sharing_enabled":true,"_links":{"self":[{"href":"https:\/\/bice.org\/fr\/wp-json\/wp\/v2\/posts\/39898","targetHints":{"allow":["GET"]}}],"collection":[{"href":"https:\/\/bice.org\/fr\/wp-json\/wp\/v2\/posts"}],"about":[{"href":"https:\/\/bice.org\/fr\/wp-json\/wp\/v2\/types\/post"}],"author":[{"embeddable":true,"href":"https:\/\/bice.org\/fr\/wp-json\/wp\/v2\/users\/19"}],"replies":[{"embeddable":true,"href":"https:\/\/bice.org\/fr\/wp-json\/wp\/v2\/comments?post=39898"}],"version-history":[{"count":0,"href":"https:\/\/bice.org\/fr\/wp-json\/wp\/v2\/posts\/39898\/revisions"}],"wp:featuredmedia":[{"embeddable":true,"href":"https:\/\/bice.org\/fr\/wp-json\/wp\/v2\/media\/6532"}],"wp:attachment":[{"href":"https:\/\/bice.org\/fr\/wp-json\/wp\/v2\/media?parent=39898"}],"wp:term":[{"taxonomy":"category","embeddable":true,"href":"https:\/\/bice.org\/fr\/wp-json\/wp\/v2\/categories?post=39898"},{"taxonomy":"post_tag","embeddable":true,"href":"https:\/\/bice.org\/fr\/wp-json\/wp\/v2\/tags?post=39898"}],"curies":[{"name":"wp","href":"https:\/\/api.w.org\/{rel}","templated":true}]}}