{"id":43205,"date":"2020-01-29T10:42:42","date_gmt":"2020-01-29T09:42:42","guid":{"rendered":"https:\/\/bice.org\/?p=43205\/"},"modified":"2024-08-13T17:21:19","modified_gmt":"2024-08-13T15:21:19","slug":"regard-de-notre-partenaire-sur-la-crise-au-chili","status":"publish","type":"post","link":"https:\/\/bice.org\/fr\/regard-de-notre-partenaire-sur-la-crise-au-chili\/","title":{"rendered":"CHILI. Regard de notre partenaire sur la crise"},"content":{"rendered":"<h3><strong>Vous avez men\u00e9 plusieurs actions aupr\u00e8s des familles et des enfants pendant la crise, pouvez-vous nous les d\u00e9crire ?<\/strong><\/h3>\n<p>L\u2019\u00c9glise a essay\u00e9 d\u2019\u00eatre pr\u00e9sente. Face aux actes de violence, une partie des citoyens se sont sentis vuln\u00e9rables sur le plan \u00e9motionnel. Diverses activit\u00e9s (dessins, jeux sur les \u00e9motions, dialogues, mur d\u2019expression\u2026) ont ainsi \u00e9t\u00e9 organis\u00e9es par les habitants eux-m\u00eames et notamment les jeunes, soutenus par l\u2019\u00c9glise. Men\u00e9es sur des places ou dans des jardins publics, elles ont permis de diminuer le stress caus\u00e9 par les \u00e9v\u00e9nements, de promouvoir le lien social. Des espaces de dialogue et de r\u00e9flexion ouverts \u00e0 tous et notamment aux jeunes ont aussi \u00e9t\u00e9 mis en place dans diff\u00e9rents lieux et sur les r\u00e9seaux sociaux. Les coordinateurs de la VPSC ont suivi une formation pour pouvoir accompagner les plaintes des personnes qui ont eu le sentiment que leurs droits avaient \u00e9t\u00e9 bafou\u00e9s. Toutes ces actions ont \u00e9t\u00e9 chaleureusement accueillies par les habitants.<\/p>\n<div class=\"wpmf-gallerys wpmf-gallerys-life \" ><div id=\"gallery-1\" class=\"gallery gallery_life wpmf_gallery_default gallery_default  gallery-columns-2 gallery-size-medium gallery-link-file wpmf-has-border-radius-0 wpmf-gutterwidth-5 no_ratio\"><figure class=\"wpmf-gallery-item\" data-index=\"0\"><div class=\"wpmf-gallery-icon\"><div class=\"square_thumbnail\"><div class=\"img_centered\"><a class=\" not_video noLightbox\" data-lightbox=\"1\" data-href=\"https:\/\/i0.wp.com\/bice.org\/app\/uploads\/2020\/01\/Chili-2019.jpg?fit=971%2C579&ssl=1\" title=\"Crise au Chili\" target=\"_self\" data-index=\"0\"><img decoding=\"async\" class=\"wpmf_img\" alt=\"Crise au Chili\" src=\"https:\/\/i0.wp.com\/bice.org\/app\/uploads\/2020\/01\/Chili-2019.jpg?fit=300%2C179&ssl=1\" data-type=\"wpmfgalleryimg\" data-lazy-src=\"https:\/\/i0.wp.com\/bice.org\/app\/uploads\/2020\/01\/Chili-2019.jpg?fit=300%2C179&ssl=1\"><\/a><\/div><\/div><\/div><figcaption class=\"wp-caption-text gallery-caption\">Action mise en place par le groupe \u00ab Colonias Urbanas Maria Misionera \u00bb de Maip\u00fa \u00a9Nilza Guevara<\/figcaption><\/figure><figure class=\"wpmf-gallery-item\" data-index=\"1\"><div class=\"wpmf-gallery-icon\"><div class=\"square_thumbnail\"><div class=\"img_centered\"><a class=\" not_video noLightbox\" data-lightbox=\"1\" data-href=\"https:\/\/i0.wp.com\/bice.org\/app\/uploads\/2020\/01\/atelier-grain-de-sable.jpg?fit=1024%2C768&ssl=1\" title=\"Atelier Grain de sable Chili\" target=\"_self\" data-index=\"1\"><img decoding=\"async\" class=\"wpmf_img\" alt=\"Atelier Grain de sable Chili\" src=\"https:\/\/i0.wp.com\/bice.org\/app\/uploads\/2020\/01\/atelier-grain-de-sable.jpg?fit=300%2C225&ssl=1\" data-type=\"wpmfgalleryimg\" data-lazy-src=\"https:\/\/i0.wp.com\/bice.org\/app\/uploads\/2020\/01\/atelier-grain-de-sable.jpg?fit=300%2C225&ssl=1\"><\/a><\/div><\/div><\/div><figcaption class=\"wp-caption-text gallery-caption\">Atelier Grain de sable propos\u00e9 par VPSC \u00e0 Quilicura  \r\n\u00a9Yolanda Urbina<\/figcaption><\/figure><\/div><\/div>\n<h3><strong>Pourriez-vous nous rappeler ce qui a d\u00e9clench\u00e9 le mouvement ?<\/strong><\/h3>\n<p>L&#8217;augmentation du prix des transports publics annonc\u00e9e en octobre a donn\u00e9 lieu \u00e0 une s\u00e9rie d&#8217;actions men\u00e9es par des \u00e9tudiants, qui ont notamment appel\u00e9 la population \u00e0 ne pas payer le m\u00e9tro. En r\u00e9ponse, la compagnie de transport a ferm\u00e9 des lignes, bloquant ainsi de nombreuses personnes. Ces derni\u00e8res ont rejoint spontan\u00e9ment les manifestations qui sont devenues de plus en plus massives. Des revendications historiques se sont alors ajout\u00e9es, en mati\u00e8re d\u2019\u00e9ducation, de sant\u00e9, de retraite&#8230;. L\u2019actuel syst\u00e8me de pension priv\u00e9e n&#8217;a pas non plus \u00e9t\u00e9 en mesure de garantir un revenu \u00e9quitable aux retrait\u00e9s. La privatisation de la sant\u00e9 et de l&#8217;\u00e9ducation a \u00e9galement rendu pr\u00e9caires les services publics, si importants pour les plus vuln\u00e9rables.<\/p>\n<h3>Comment d\u00e9cririez-vous la situation de ces derniers mois au Chili ?<\/h3>\n<p>Jusqu\u2019\u00e0 d\u00e9but janvier, ce fut une p\u00e9riode difficile, complexe, mais n\u00e9cessaire pour mettre en lumi\u00e8re les in\u00e9galit\u00e9s qui sont \u00e0 l&#8217;origine des revendications sociales. Cette situation est complexe car elle ne d\u00e9coule pas d\u2019une seule cause, mais de plusieurs. Cela a d\u2019ailleurs g\u00e9n\u00e9r\u00e9 diverses r\u00e9actions dans la soci\u00e9t\u00e9. Certains ont particip\u00e9 au mouvement pour exprimer, de diverses fa\u00e7ons, leur malaise, r\u00e9clamer un pays plus juste. D\u2019autres ont v\u00e9cu cette \u00ab explosion de col\u00e8re sociale \u00bb comme un \u00e9v\u00e9nement violent qui a eu des effets sur leur quotidien.<\/p>\n<p>Pour \u00eatre plus pr\u00e9cis, les manifestations sociales, pr\u00e9sentes depuis le d\u00e9but de la crise, vont de la protestation spontan\u00e9e comme les \u00ab cacerolazos \u00bb (concerts de casserole) \u00e0 l\u2019organisation dans l\u2019espace public de diff\u00e9rentes formes de rencontres, parfois tr\u00e8s cr\u00e9atives. Toutes demandaient au gouvernement de prendre des mesures qui g\u00e9n\u00e8rent des conditions de vie plus dignes. Il y a aussi eu des espaces de rencontre comme les conseils \u00ab autoconvoqu\u00e9s \u00bb. Et ceux promus par l&#8217;\u00c9glise de Santiago \u00e0 travers la VPSC et la Vicar\u00eda para la Educaci\u00f3n. Ces lieux de dialogue et d\u2019\u00e9change ont cherch\u00e9 \u00e0 comprendre les origines du conflit et \u00e0 pr\u00e9senter des alternatives pour une plus grande justice sociale. Tout cela fait que le climat oscillait effectivement entre les expressions d&#8217;espoir regroup\u00e9es sous le slogan \u00ab Le Chili s&#8217;est r\u00e9veill\u00e9 \u00bb et des heurts violents lors des manifestations avec de nombreuses victimes.<\/p>\n<h3>Un mot sur la violence lors des manifestations dont vous parliez tout \u00e0 l\u2019heure\u2026<\/h3>\n<p>Depuis le mois d&#8217;octobre, des situations pr\u00e9occupantes ont en effet \u00e9t\u00e9 observ\u00e9es en mati\u00e8re de violation des droits de l&#8217;homme. On estime que 22 personnes ont perdu la vie lors de diff\u00e9rents \u00e9v\u00e9nements. Selon l&#8217;Institut national des droits de l&#8217;homme (INDH), dans son rapport du 17 octobre au 30 d\u00e9cembre 2019, 3583 personnes ont \u00e9t\u00e9 bless\u00e9es. Les traumatismes oculaires \u00e9tant le cas le plus signal\u00e9 publiquement.<br \/>\nLa fa\u00e7on dont l\u2019\u00c9tat a g\u00e9r\u00e9 la crise a notamment \u00e9t\u00e9 remise en cause par divers acteurs. On lui reproche d\u2019avoir davantage cherch\u00e9 \u00e0 criminaliser la protestation qu\u2019\u00e0 prot\u00e9ger le droit de manifester pacifiquement. Un sondage d&#8217;opinion publi\u00e9 r\u00e9cemment dans les m\u00e9dias rapporte par ailleurs que 81 % des personnes interrog\u00e9es estiment que le gouvernement a mal agi face \u00e0 la crise sociale.<\/p>\n<h3>Les manifestations continuent-elles aujourd\u2019hui ?<\/h3>\n<p>L&#8217;une des expressions les plus massives de cette diversit\u00e9 de revendications a eu lieu le vendredi 25 octobre. Selon les m\u00e9dias, plus d&#8217;un million de personnes se sont rassembl\u00e9es ce jour-l\u00e0 pour r\u00e9clamer une plus grande justice sociale. Depuis cette action, le vendredi est devenu Le jour de la protestation sociale, avec de nombreux appels \u00e0 manifester.<br \/>\nAujourd\u2019hui, \u00e0 Santiago, les manifestations dans le secteur de la \u00ab Place de la Dignit\u00e9 \u00bb continuent, bien qu&#8217;elles soient plus espac\u00e9es.<\/p>\n<h3>Prolongez-vous les actions que vous avez mises en place au plus fort de la crise ?<\/h3>\n<p>En ce moment, c\u2019est l\u2019\u00e9t\u00e9 au Chili. Les espaces r\u00e9cr\u00e9atifs de notre programme \u00ab Colonias Urbanas \u00bb (accueil de loisirs) ont rouvert. Dans certains d\u2019ailleurs, la <a href=\"https:\/\/bice.org\/fr\/grain-de-sable-stopper-violences-aux-enfants\/\">m\u00e9thode Grain de sable<\/a> est adapt\u00e9e pour permettre aux enfants de parler des situations de violence qu&#8217;ils per\u00e7oivent dans leur vie quotidienne. Ces centres sont notamment anim\u00e9s par des jeunes souhaitant mener des actions solidaires \u00e0 destination des enfants. Nous sommes l\u00e0 pour les accompagner. Nous esp\u00e9rons aussi d\u00e9velopper des espaces de rencontre \u00e0 destination de ces jeunes tr\u00e8s impliqu\u00e9s dans la lutte contre les violences faites aux enfants afin qu&#8217;ils puissent \u00e9valuer leurs actions et partager leurs bonnes pratiques.<\/p>\n<h3>Selon vous, comment sortir de cette situation ?<\/h3>\n<p>Le gouvernement vient d\u2019annoncer un plan d\u2019investissement important pour la relance \u00e9conomique du pays. Il ne faut pas oublier de mettre en place des mesures pour enrayer les in\u00e9galit\u00e9s sociales, les in\u00e9galit\u00e9s d\u2019acc\u00e8s \u00e0 l\u2019\u00e9ducation, \u00e0 la sant\u00e9, au bien-\u00eatre. Il faut travailler \u00e0 l\u2019am\u00e9lioration des conditions de vie de la population. Pour cela, il est n\u00e9cessaire de continuer \u00e0 construire des engagements qui soient compl\u00e9mentaires \u00e0 la croissance \u00e9conomique.<\/p>\n","protected":false},"excerpt":{"rendered":"<p>Le Chili vit depuis le 18 octobre, date de la premi\u00e8re manifestation, une grave crise sociale. La plus importante depuis la fin de la dictature en 1990. Rencontre avec Eduardo Candia Zamora, coordinateur au sein de la Vicar\u00eda de Pastoral Social Caritas (VPSC), membre de la Mesa BICE Chili et partenaire de notre programme de lutte contre la violence envers les enfants. Il nous parle des actions qu\u2019ils ont mises en place en cette p\u00e9riode de crise et d\u00e9crypte la situation chilienne.<\/p>\n","protected":false},"author":19,"featured_media":43206,"comment_status":"closed","ping_status":"closed","sticky":false,"template":"","format":"standard","meta":{"_acf_changed":false,"footnotes":"","jetpack_publicize_message":"","jetpack_publicize_feature_enabled":true,"jetpack_social_post_already_shared":false,"jetpack_social_options":{"image_generator_settings":{"template":"highway","default_image_id":0,"font":"","enabled":false},"version":2}},"categories":[132],"tags":[476,1848,1849,1561,356,1467],"class_list":["post-43205","post","type-post","status-publish","format-standard","has-post-thumbnail","hentry","category-actualites-du-bice","tag-chili","tag-crise-sociale","tag-manifestations","tag-vicaria-de-la-pastoral-social-caritas","tag-violences","tag-vpsc"],"acf":[],"yoast_head":"<!-- This site is optimized with the Yoast SEO plugin v27.2 - https:\/\/yoast.com\/product\/yoast-seo-wordpress\/ -->\n<title>Regard de notre partenaire sur la crise au Chili | BICE<\/title>\n<meta name=\"description\" content=\"Le Chili vit depuis le 18 octobre une grave crise sociale. Eduardo Candia Zamora, coordinateur \u00e0 la VPSC, d\u00e9crypte pour nous la situation.\" \/>\n<meta name=\"robots\" content=\"index, follow, max-snippet:-1, max-image-preview:large, max-video-preview:-1\" \/>\n<link rel=\"canonical\" href=\"https:\/\/bice.org\/fr\/wp-json\/wp\/v2\/posts\/43205\" \/>\n<meta property=\"og:locale\" content=\"fr_FR\" \/>\n<meta property=\"og:type\" content=\"article\" \/>\n<meta property=\"og:title\" content=\"Regard de notre partenaire sur la crise au Chili | BICE\" \/>\n<meta property=\"og:description\" content=\"Le Chili vit depuis le 18 octobre une grave crise sociale. Eduardo Candia Zamora, coordinateur \u00e0 la VPSC, d\u00e9crypte pour nous la situation.\" \/>\n<meta property=\"og:url\" content=\"https:\/\/bice.org\/fr\/regard-de-notre-partenaire-sur-la-crise-au-chili\/\" \/>\n<meta property=\"og:site_name\" content=\"BICE - ONG de protection des droits de l&#039;enfant\" \/>\n<meta property=\"article:published_time\" content=\"2020-01-29T09:42:42+00:00\" \/>\n<meta property=\"article:modified_time\" content=\"2024-08-13T15:21:19+00:00\" \/>\n<meta property=\"og:image\" content=\"https:\/\/i0.wp.com\/bice.org\/app\/uploads\/2020\/01\/chili-2019-2.jpg?fit=842%2C366&ssl=1\" \/>\n\t<meta property=\"og:image:width\" content=\"842\" \/>\n\t<meta property=\"og:image:height\" content=\"366\" \/>\n\t<meta property=\"og:image:type\" content=\"image\/jpeg\" \/>\n<meta name=\"author\" content=\"Tiphaine POIDEVIN\" \/>\n<meta name=\"twitter:card\" content=\"summary_large_image\" \/>\n<meta name=\"twitter:label1\" content=\"\u00c9crit par\" \/>\n\t<meta name=\"twitter:data1\" content=\"Tiphaine POIDEVIN\" \/>\n\t<meta name=\"twitter:label2\" content=\"Dur\u00e9e de lecture estim\u00e9e\" \/>\n\t<meta name=\"twitter:data2\" content=\"6 minutes\" \/>\n<!-- \/ Yoast SEO plugin. -->","yoast_head_json":{"title":"Regard de notre partenaire sur la crise au Chili | BICE","description":"Le Chili vit depuis le 18 octobre une grave crise sociale. Eduardo Candia Zamora, coordinateur \u00e0 la VPSC, d\u00e9crypte pour nous la situation.","robots":{"index":"index","follow":"follow","max-snippet":"max-snippet:-1","max-image-preview":"max-image-preview:large","max-video-preview":"max-video-preview:-1"},"canonical":"https:\/\/bice.org\/fr\/wp-json\/wp\/v2\/posts\/43205","og_locale":"fr_FR","og_type":"article","og_title":"Regard de notre partenaire sur la crise au Chili | BICE","og_description":"Le Chili vit depuis le 18 octobre une grave crise sociale. Eduardo Candia Zamora, coordinateur \u00e0 la VPSC, d\u00e9crypte pour nous la situation.","og_url":"https:\/\/bice.org\/fr\/regard-de-notre-partenaire-sur-la-crise-au-chili\/","og_site_name":"BICE - ONG de protection des droits de l&#039;enfant","article_published_time":"2020-01-29T09:42:42+00:00","article_modified_time":"2024-08-13T15:21:19+00:00","og_image":[{"width":842,"height":366,"url":"https:\/\/i0.wp.com\/bice.org\/app\/uploads\/2020\/01\/chili-2019-2.jpg?fit=842%2C366&ssl=1","type":"image\/jpeg"}],"author":"Tiphaine POIDEVIN","twitter_card":"summary_large_image","twitter_misc":{"\u00c9crit par":"Tiphaine POIDEVIN","Dur\u00e9e de lecture estim\u00e9e":"6 minutes"},"schema":{"@context":"https:\/\/schema.org","@graph":[{"@type":"Article","@id":"https:\/\/bice.org\/fr\/regard-de-notre-partenaire-sur-la-crise-au-chili\/#article","isPartOf":{"@id":"https:\/\/bice.org\/fr\/regard-de-notre-partenaire-sur-la-crise-au-chili\/"},"author":{"name":"Tiphaine POIDEVIN","@id":"https:\/\/bice.org\/fr\/#\/schema\/person\/86b15587982e756d45e62e1230e9759f"},"headline":"CHILI. Regard de notre partenaire sur la crise","datePublished":"2020-01-29T09:42:42+00:00","dateModified":"2024-08-13T15:21:19+00:00","mainEntityOfPage":{"@id":"https:\/\/bice.org\/fr\/regard-de-notre-partenaire-sur-la-crise-au-chili\/"},"wordCount":1061,"publisher":{"@id":"https:\/\/bice.org\/fr\/#organization"},"image":{"@id":"https:\/\/bice.org\/fr\/regard-de-notre-partenaire-sur-la-crise-au-chili\/#primaryimage"},"thumbnailUrl":"https:\/\/i0.wp.com\/bice.org\/app\/uploads\/2020\/01\/chili-2019-2.jpg?fit=842%2C366&ssl=1","keywords":["Chili","Crise sociale","Manifestations","Vicaria de la Pastoral Social Caritas","violences","VPSC"],"articleSection":["Actualit\u00e9s du BICE"],"inLanguage":"fr-FR"},{"@type":"WebPage","@id":"https:\/\/bice.org\/fr\/regard-de-notre-partenaire-sur-la-crise-au-chili\/","url":"https:\/\/bice.org\/fr\/regard-de-notre-partenaire-sur-la-crise-au-chili\/","name":"Regard de notre partenaire sur la crise au Chili | BICE","isPartOf":{"@id":"https:\/\/bice.org\/fr\/#website"},"primaryImageOfPage":{"@id":"https:\/\/bice.org\/fr\/regard-de-notre-partenaire-sur-la-crise-au-chili\/#primaryimage"},"image":{"@id":"https:\/\/bice.org\/fr\/regard-de-notre-partenaire-sur-la-crise-au-chili\/#primaryimage"},"thumbnailUrl":"https:\/\/i0.wp.com\/bice.org\/app\/uploads\/2020\/01\/chili-2019-2.jpg?fit=842%2C366&ssl=1","datePublished":"2020-01-29T09:42:42+00:00","dateModified":"2024-08-13T15:21:19+00:00","description":"Le Chili vit depuis le 18 octobre une grave crise sociale. Eduardo Candia Zamora, coordinateur \u00e0 la VPSC, d\u00e9crypte pour nous la situation.","breadcrumb":{"@id":"https:\/\/bice.org\/fr\/regard-de-notre-partenaire-sur-la-crise-au-chili\/#breadcrumb"},"inLanguage":"fr-FR","potentialAction":[{"@type":"ReadAction","target":["https:\/\/bice.org\/fr\/regard-de-notre-partenaire-sur-la-crise-au-chili\/"]}]},{"@type":"ImageObject","inLanguage":"fr-FR","@id":"https:\/\/bice.org\/fr\/regard-de-notre-partenaire-sur-la-crise-au-chili\/#primaryimage","url":"https:\/\/i0.wp.com\/bice.org\/app\/uploads\/2020\/01\/chili-2019-2.jpg?fit=842%2C366&ssl=1","contentUrl":"https:\/\/i0.wp.com\/bice.org\/app\/uploads\/2020\/01\/chili-2019-2.jpg?fit=842%2C366&ssl=1","width":842,"height":366,"caption":"Activit\u00e9s r\u00e9cr\u00e9atives mises en place pendant la crise sociale par le groupe Colonias Urbanas Jard\u00edn del Ed\u00e9n de Ojana \u00a9Elisa Vergara"},{"@type":"BreadcrumbList","@id":"https:\/\/bice.org\/fr\/regard-de-notre-partenaire-sur-la-crise-au-chili\/#breadcrumb","itemListElement":[{"@type":"ListItem","position":1,"name":"Accueil","item":"https:\/\/bice.org\/fr\/"},{"@type":"ListItem","position":2,"name":"Actualit\u00e9s du BICE","item":"https:\/\/bice.org\/fr\/theme\/actualites-du-bice\/"},{"@type":"ListItem","position":3,"name":"CHILI. Regard de notre partenaire sur la crise"}]},{"@type":"WebSite","@id":"https:\/\/bice.org\/fr\/#website","url":"https:\/\/bice.org\/fr\/","name":"BICE - ONG de protection des droits de l&#039;enfant","description":"Notre mission : D\u00e9fendre les droits et la dignit\u00e9 des enfants partout dans le monde","publisher":{"@id":"https:\/\/bice.org\/fr\/#organization"},"potentialAction":[{"@type":"SearchAction","target":{"@type":"EntryPoint","urlTemplate":"https:\/\/bice.org\/fr\/?s={search_term_string}"},"query-input":{"@type":"PropertyValueSpecification","valueRequired":true,"valueName":"search_term_string"}}],"inLanguage":"fr-FR"},{"@type":"Organization","@id":"https:\/\/bice.org\/fr\/#organization","name":"BICE","url":"https:\/\/bice.org\/fr\/","logo":{"@type":"ImageObject","inLanguage":"fr-FR","@id":"https:\/\/bice.org\/fr\/#\/schema\/logo\/image\/","url":"https:\/\/bice.org\/app\/uploads\/2022\/06\/favicon.ico","contentUrl":"https:\/\/bice.org\/app\/uploads\/2022\/06\/favicon.ico","width":64,"height":64,"caption":"BICE"},"image":{"@id":"https:\/\/bice.org\/fr\/#\/schema\/logo\/image\/"}},{"@type":"Person","@id":"https:\/\/bice.org\/fr\/#\/schema\/person\/86b15587982e756d45e62e1230e9759f","name":"Tiphaine POIDEVIN","image":{"@type":"ImageObject","inLanguage":"fr-FR","@id":"https:\/\/secure.gravatar.com\/avatar\/1e6863fae181af75938b89f792dfe2810d35ae7fd6ab1fb385614a15dff81a3a?s=96&d=mm&r=g","url":"https:\/\/secure.gravatar.com\/avatar\/1e6863fae181af75938b89f792dfe2810d35ae7fd6ab1fb385614a15dff81a3a?s=96&d=mm&r=g","contentUrl":"https:\/\/secure.gravatar.com\/avatar\/1e6863fae181af75938b89f792dfe2810d35ae7fd6ab1fb385614a15dff81a3a?s=96&d=mm&r=g","caption":"Tiphaine POIDEVIN"}}]}},"jetpack_publicize_connections":[],"jetpack_featured_media_url":"https:\/\/i0.wp.com\/bice.org\/app\/uploads\/2020\/01\/chili-2019-2.jpg?fit=842%2C366&ssl=1","jetpack_sharing_enabled":true,"_links":{"self":[{"href":"https:\/\/bice.org\/fr\/wp-json\/wp\/v2\/posts\/43205","targetHints":{"allow":["GET"]}}],"collection":[{"href":"https:\/\/bice.org\/fr\/wp-json\/wp\/v2\/posts"}],"about":[{"href":"https:\/\/bice.org\/fr\/wp-json\/wp\/v2\/types\/post"}],"author":[{"embeddable":true,"href":"https:\/\/bice.org\/fr\/wp-json\/wp\/v2\/users\/19"}],"replies":[{"embeddable":true,"href":"https:\/\/bice.org\/fr\/wp-json\/wp\/v2\/comments?post=43205"}],"version-history":[{"count":0,"href":"https:\/\/bice.org\/fr\/wp-json\/wp\/v2\/posts\/43205\/revisions"}],"wp:featuredmedia":[{"embeddable":true,"href":"https:\/\/bice.org\/fr\/wp-json\/wp\/v2\/media\/43206"}],"wp:attachment":[{"href":"https:\/\/bice.org\/fr\/wp-json\/wp\/v2\/media?parent=43205"}],"wp:term":[{"taxonomy":"category","embeddable":true,"href":"https:\/\/bice.org\/fr\/wp-json\/wp\/v2\/categories?post=43205"},{"taxonomy":"post_tag","embeddable":true,"href":"https:\/\/bice.org\/fr\/wp-json\/wp\/v2\/tags?post=43205"}],"curies":[{"name":"wp","href":"https:\/\/api.w.org\/{rel}","templated":true}]}}