{"id":53072,"date":"2020-11-24T10:14:19","date_gmt":"2020-11-24T09:14:19","guid":{"rendered":"https:\/\/bice.org\/?p=53072"},"modified":"2020-11-24T10:17:22","modified_gmt":"2020-11-24T09:17:22","slug":"conference-du-bice-sur-la-lutte-contre-la-violence-les-recommandations-des-enfants","status":"publish","type":"post","link":"https:\/\/bice.org\/fr\/conference-du-bice-sur-la-lutte-contre-la-violence-les-recommandations-des-enfants\/","title":{"rendered":"Conf\u00e9rence du BICE sur la lutte contre la violence\u00a0: les recommandations des enfants"},"content":{"rendered":"<p>Pr\u00e9alablement \u00e0 la tenue de la conf\u00e9rence, 33 enfants et adolescents originaires d\u2019Argentine, du Chili, de Colombie, du Guatemala, du Honduras, du Mexique et du Paraguay ont pris le temps de discuter, partager leurs points de vue afin d\u2019\u00e9laborer plusieurs recommandations en direction des autorit\u00e9s locales et nationales, des organisations non gouvernementales ou encore des \u00e9tablissements scolaires.<\/p>\n<p>Leurs travaux ont port\u00e9 sur cinq des sept strat\u00e9gies INSPIRE visant \u00e0 r\u00e9duire la violence \u00e0 l\u2019encontre des enfants\u00a0: mise en \u0153uvre et contr\u00f4le du respect des lois\u00a0; normes et valeurs\u00a0; s\u00fbret\u00e9 des environnements\u00a0; appui aux parents et aux personnes ayant la charge d\u2019enfants ; \u00e9ducation et savoir-faire pratiques. Les jeunes participants ont \u00e9galement pris en compte les impacts de la pand\u00e9mie de Covid-19 dans la r\u00e9gion.<\/p>\n<h2><strong>Violations de la Convention relative aux droits de l\u2019enfant<\/strong><\/h2>\n<p>Avant de transmettre leurs recommandations, ils ont souhait\u00e9 rappeler que les multiples formes de violence dont ils sont t\u00e9moins repr\u00e9sentent une violation de la Convention relative aux droits de l&#8217;enfant, ratifi\u00e9e par 196 pays. Et notamment en ce qui concerne\u00a0:<\/p>\n<p>&#8211; le droit de l&#8217;enfant \u00e0 \u00eatre prot\u00e9g\u00e9 contre toute forme de discrimination (article 2, paragraphe 2) ;<\/p>\n<p>&#8211; le droit de l&#8217;enfant \u00e0 \u00eatre prot\u00e9g\u00e9 et soign\u00e9 (article 3, paragraphe 2) ;<\/p>\n<p>&#8211; le droit de l&#8217;enfant \u00e0 la participation et \u00e0 l&#8217;expression de son opinion dans les affaires qui le concernent (art. 12) ;<\/p>\n<p>&#8211; le droit de l&#8217;enfant \u00e0 un niveau de vie suffisant pour permettre son d\u00e9veloppement physique, mental, spirituel, moral et social (art. 27) ;<\/p>\n<p>&#8211; le droit de l&#8217;enfant \u00e0 l&#8217;\u00e9ducation (art. 28) ;<\/p>\n<p>&#8211; le droit de l&#8217;enfant au repos et aux loisirs (art. 31) ;<\/p>\n<p>&#8211; le droit de l&#8217;enfant \u00e0 \u00eatre prot\u00e9g\u00e9 contre l&#8217;exploitation \u00e9conomique et le travail (article 32) ;<\/p>\n<p>&#8211; le droit de l&#8217;enfant \u00e0 \u00eatre prot\u00e9g\u00e9 contre toute forme d&#8217;exploitation et d&#8217;abus sexuels (article 34).<\/p>\n<h2><strong>Recommandations en lien avec les strat\u00e9gies INSPIRE<\/strong><\/h2>\n<p>Les enfants et les adolescents participants \u00e0 la conf\u00e9rence demandent que\u00a0:<\/p>\n<p>&#8211; Les enfants et les adolescents puissent vivre en paix et en s\u00e9curit\u00e9 dans leurs communaut\u00e9s locales et dans leur environnement social. L\u2019exercice de leurs droits fondamentaux doit \u00eatre prot\u00e9g\u00e9.<\/p>\n<p>&#8211; La violence domestique soit au c\u0153ur des pr\u00e9occupations des soci\u00e9t\u00e9s afin que les d\u00e9cideurs politiques \u00e9laborent des strat\u00e9gies publiques de protection des enfants, des adolescents et des femmes.<\/p>\n<p>&#8211; Des campagnes de sensibilisation et de formation sur la parentalit\u00e9 positive soient d\u00e9velopp\u00e9es.<\/p>\n<p>&#8211; Les liens familiaux des enfants et des adolescents qui souffrent de situation d&#8217;enfermement soient renforc\u00e9s.<\/p>\n<p>&#8211; Les \u00c9tats et les cultures locales soient sensibles \u00e0 la prise en compte du genre dans l\u2019\u00e9laboration de projets.<\/p>\n<p>&#8211; Les enseignants soient form\u00e9s pour pouvoir enseigner aux enfants et adolescents pendant le cursus scolaire les strat\u00e9gies pour d\u00e9tecter et pr\u00e9venir la violence sexuelle.<\/p>\n<p>&#8211; La voix des enfants et des adolescents d&#8217;Am\u00e9rique latine soit pr\u00e9sente et prise en compte dans les processus politiques de leurs pays respectifs.<\/p>\n<h2><strong>Recommandations sp\u00e9cifiques pour mettre fin \u00e0 la violence dans le contexte de la pand\u00e9mie<\/strong><\/h2>\n<p>Les enfants et les adolescents participants \u00e0 la Conf\u00e9rence demandent que\u00a0:<\/p>\n<p>&#8211; Les \u00c9tats et la soci\u00e9t\u00e9 dans son ensemble mettent en place davantage d\u2019espaces de dialogue, autour du principe de non-discrimination, afin de favoriser le respect des droits de tout \u00eatre humain.<\/p>\n<p>&#8211; Des campagnes grand public de sensibilisation sur le ph\u00e9nom\u00e8ne de la violence domestique soient encourag\u00e9es.<\/p>\n<p>&#8211; Les familles privil\u00e9gient une communication positive au sein de leur foyer, en particulier en cette p\u00e9riode critique de la pand\u00e9mie.<\/p>\n<p>&#8211; Des services informatiques gratuits soient garantis pour que les \u00e9l\u00e8ves, dont les \u00e9coles restent ferm\u00e9es en raison de la pand\u00e9mie, puissent poursuivre leurs \u00e9tudes \u00e0 distance.<\/p>\n<p>&#8211; L\u2019avis des enfants et des adolescents soit davantage demand\u00e9 et pris en compte. Notamment par le biais des r\u00e9seaux sociaux.<\/p>\n<p>&#8211; Des activit\u00e9s de loisirs soient organis\u00e9es dans des espaces ouverts pour garantir le d\u00e9veloppement int\u00e9gral des enfants et des adolescents.<\/p>\n<p>&#8211; Les \u00c9tats favorisent l&#8217;emploi dans les secteurs les plus touch\u00e9s \u00e9conomiquement par la pand\u00e9mie. Et offrent de nouvelles possibilit\u00e9s de travail aux parents en situation \u00e9conomique critique. Et ce, afin que leurs enfants puissent poursuivre leurs \u00e9tudes.<\/p>\n<p>&#8211; Les enfants et les adolescents participent \u00e0 des forums de r\u00e9flexion qui favorisent l&#8217;exercice des droits inscrits dans la Convention relative aux droits de l&#8217;enfant.<\/p>\n<p>Ces conclusions seront int\u00e9gr\u00e9es au rapport final envoy\u00e9 \u00e0 tous les participants \u00e0 cette conf\u00e9rence r\u00e9gionale. Conf\u00e9rence qui a \u00e9t\u00e9 suivie par pr\u00e8s de 1500 personnes par jour et a accueilli parmi les intervenants des personnalit\u00e9s politiques et des experts.<\/p>\n<p>&nbsp;<\/p>\n<p>&nbsp;<\/p>\n","protected":false},"excerpt":{"rendered":"<p>Des enfants et adolescents de sept pays d\u2019Am\u00e9rique latine ont particip\u00e9 \u00e0 la conf\u00e9rence r\u00e9gionale sur la lutte contre la violence envers les enfants organis\u00e9e en ligne par le BICE les 19 et 20 novembre. L\u2019occasion pour eux d\u2019\u00e9mettre des recommandations pour mettre fin \u00e0 ce fl\u00e9au.<\/p>\n","protected":false},"author":19,"featured_media":53074,"comment_status":"closed","ping_status":"closed","sticky":false,"template":"","format":"standard","meta":{"_acf_changed":false,"footnotes":"","jetpack_publicize_message":"","jetpack_publicize_feature_enabled":true,"jetpack_social_post_already_shared":false,"jetpack_social_options":{"image_generator_settings":{"template":"highway","default_image_id":0,"font":"","enabled":false},"version":2}},"categories":[132],"tags":[519,2079,1835,2083,974],"class_list":["post-53072","post","type-post","status-publish","format-standard","has-post-thumbnail","hentry","category-actualites-du-bice","tag-amerique-latine","tag-conference-regionale","tag-lutte-contre-la-violence","tag-participation-des-adolescents","tag-participation-des-enfants"],"acf":[],"yoast_head":"<!-- This site is optimized with the Yoast SEO plugin v27.2 - https:\/\/yoast.com\/product\/yoast-seo-wordpress\/ -->\n<title>Conf\u00e9rence du BICE sur la lutte contre la violence\u00a0: les recommandations des enfants - BICE - ONG de protection des droits de l&#039;enfant<\/title>\n<meta name=\"description\" content=\"Des enfants et adolescents de sept pays d\u2019Am\u00e9rique latine ont particip\u00e9 \u00e0 la conf\u00e9rence r\u00e9gionale sur la lutte contre la violence envers les enfants organis\u00e9e en ligne par le BICE les 19 et 20 novembre.\" \/>\n<meta name=\"robots\" content=\"index, follow, max-snippet:-1, max-image-preview:large, max-video-preview:-1\" \/>\n<link rel=\"canonical\" href=\"https:\/\/bice.org\/fr\/wp-json\/wp\/v2\/posts\/53072\" \/>\n<meta property=\"og:locale\" content=\"fr_FR\" \/>\n<meta property=\"og:type\" content=\"article\" \/>\n<meta property=\"og:title\" content=\"Conf\u00e9rence du BICE sur la lutte contre la violence\u00a0: les recommandations des enfants - BICE - ONG de protection des droits de l&#039;enfant\" \/>\n<meta property=\"og:description\" content=\"Des enfants et adolescents de sept pays d\u2019Am\u00e9rique latine ont particip\u00e9 \u00e0 la conf\u00e9rence r\u00e9gionale sur la lutte contre la violence envers les enfants organis\u00e9e en ligne par le BICE les 19 et 20 novembre.\" \/>\n<meta property=\"og:url\" content=\"https:\/\/bice.org\/fr\/conference-du-bice-sur-la-lutte-contre-la-violence-les-recommandations-des-enfants\/\" \/>\n<meta property=\"og:site_name\" content=\"BICE - ONG de protection des droits de l&#039;enfant\" \/>\n<meta property=\"article:published_time\" content=\"2020-11-24T09:14:19+00:00\" \/>\n<meta property=\"article:modified_time\" content=\"2020-11-24T09:17:22+00:00\" \/>\n<meta property=\"og:image\" content=\"https:\/\/i0.wp.com\/bice.org\/app\/uploads\/2020\/11\/jeunes-conference.jpg?fit=1164%2C506&ssl=1\" \/>\n\t<meta property=\"og:image:width\" content=\"1164\" \/>\n\t<meta property=\"og:image:height\" content=\"506\" \/>\n\t<meta property=\"og:image:type\" content=\"image\/jpeg\" \/>\n<meta name=\"author\" content=\"Tiphaine POIDEVIN\" \/>\n<meta name=\"twitter:card\" content=\"summary_large_image\" \/>\n<meta name=\"twitter:label1\" content=\"\u00c9crit par\" \/>\n\t<meta name=\"twitter:data1\" content=\"Tiphaine POIDEVIN\" \/>\n\t<meta name=\"twitter:label2\" content=\"Dur\u00e9e de lecture estim\u00e9e\" \/>\n\t<meta name=\"twitter:data2\" content=\"4 minutes\" \/>\n<!-- \/ Yoast SEO plugin. -->","yoast_head_json":{"title":"Conf\u00e9rence du BICE sur la lutte contre la violence\u00a0: les recommandations des enfants - BICE - ONG de protection des droits de l&#039;enfant","description":"Des enfants et adolescents de sept pays d\u2019Am\u00e9rique latine ont particip\u00e9 \u00e0 la conf\u00e9rence r\u00e9gionale sur la lutte contre la violence envers les enfants organis\u00e9e en ligne par le BICE les 19 et 20 novembre.","robots":{"index":"index","follow":"follow","max-snippet":"max-snippet:-1","max-image-preview":"max-image-preview:large","max-video-preview":"max-video-preview:-1"},"canonical":"https:\/\/bice.org\/fr\/wp-json\/wp\/v2\/posts\/53072","og_locale":"fr_FR","og_type":"article","og_title":"Conf\u00e9rence du BICE sur la lutte contre la violence\u00a0: les recommandations des enfants - BICE - ONG de protection des droits de l&#039;enfant","og_description":"Des enfants et adolescents de sept pays d\u2019Am\u00e9rique latine ont particip\u00e9 \u00e0 la conf\u00e9rence r\u00e9gionale sur la lutte contre la violence envers les enfants organis\u00e9e en ligne par le BICE les 19 et 20 novembre.","og_url":"https:\/\/bice.org\/fr\/conference-du-bice-sur-la-lutte-contre-la-violence-les-recommandations-des-enfants\/","og_site_name":"BICE - ONG de protection des droits de l&#039;enfant","article_published_time":"2020-11-24T09:14:19+00:00","article_modified_time":"2020-11-24T09:17:22+00:00","og_image":[{"width":1164,"height":506,"url":"https:\/\/i0.wp.com\/bice.org\/app\/uploads\/2020\/11\/jeunes-conference.jpg?fit=1164%2C506&ssl=1","type":"image\/jpeg"}],"author":"Tiphaine POIDEVIN","twitter_card":"summary_large_image","twitter_misc":{"\u00c9crit par":"Tiphaine POIDEVIN","Dur\u00e9e de lecture estim\u00e9e":"4 minutes"},"schema":{"@context":"https:\/\/schema.org","@graph":[{"@type":"Article","@id":"https:\/\/bice.org\/fr\/conference-du-bice-sur-la-lutte-contre-la-violence-les-recommandations-des-enfants\/#article","isPartOf":{"@id":"https:\/\/bice.org\/fr\/conference-du-bice-sur-la-lutte-contre-la-violence-les-recommandations-des-enfants\/"},"author":{"name":"Tiphaine POIDEVIN","@id":"https:\/\/bice.org\/fr\/#\/schema\/person\/86b15587982e756d45e62e1230e9759f"},"headline":"Conf\u00e9rence du BICE sur la lutte contre la violence\u00a0: les recommandations des enfants","datePublished":"2020-11-24T09:14:19+00:00","dateModified":"2020-11-24T09:17:22+00:00","mainEntityOfPage":{"@id":"https:\/\/bice.org\/fr\/conference-du-bice-sur-la-lutte-contre-la-violence-les-recommandations-des-enfants\/"},"wordCount":823,"publisher":{"@id":"https:\/\/bice.org\/fr\/#organization"},"image":{"@id":"https:\/\/bice.org\/fr\/conference-du-bice-sur-la-lutte-contre-la-violence-les-recommandations-des-enfants\/#primaryimage"},"thumbnailUrl":"https:\/\/i0.wp.com\/bice.org\/app\/uploads\/2020\/11\/jeunes-conference.jpg?fit=1164%2C506&ssl=1","keywords":["Am\u00e9rique latine","Conf\u00e9rence r\u00e9gionale","Lutte contre la violence","participation des adolescents","participation des enfants"],"articleSection":["Actualit\u00e9s du BICE"],"inLanguage":"fr-FR"},{"@type":"WebPage","@id":"https:\/\/bice.org\/fr\/conference-du-bice-sur-la-lutte-contre-la-violence-les-recommandations-des-enfants\/","url":"https:\/\/bice.org\/fr\/conference-du-bice-sur-la-lutte-contre-la-violence-les-recommandations-des-enfants\/","name":"Conf\u00e9rence du BICE sur la lutte contre la violence\u00a0: les recommandations des enfants - BICE - ONG de protection des droits de l&#039;enfant","isPartOf":{"@id":"https:\/\/bice.org\/fr\/#website"},"primaryImageOfPage":{"@id":"https:\/\/bice.org\/fr\/conference-du-bice-sur-la-lutte-contre-la-violence-les-recommandations-des-enfants\/#primaryimage"},"image":{"@id":"https:\/\/bice.org\/fr\/conference-du-bice-sur-la-lutte-contre-la-violence-les-recommandations-des-enfants\/#primaryimage"},"thumbnailUrl":"https:\/\/i0.wp.com\/bice.org\/app\/uploads\/2020\/11\/jeunes-conference.jpg?fit=1164%2C506&ssl=1","datePublished":"2020-11-24T09:14:19+00:00","dateModified":"2020-11-24T09:17:22+00:00","description":"Des enfants et adolescents de sept pays d\u2019Am\u00e9rique latine ont particip\u00e9 \u00e0 la conf\u00e9rence r\u00e9gionale sur la lutte contre la violence envers les enfants organis\u00e9e en ligne par le BICE les 19 et 20 novembre.","breadcrumb":{"@id":"https:\/\/bice.org\/fr\/conference-du-bice-sur-la-lutte-contre-la-violence-les-recommandations-des-enfants\/#breadcrumb"},"inLanguage":"fr-FR","potentialAction":[{"@type":"ReadAction","target":["https:\/\/bice.org\/fr\/conference-du-bice-sur-la-lutte-contre-la-violence-les-recommandations-des-enfants\/"]}]},{"@type":"ImageObject","inLanguage":"fr-FR","@id":"https:\/\/bice.org\/fr\/conference-du-bice-sur-la-lutte-contre-la-violence-les-recommandations-des-enfants\/#primaryimage","url":"https:\/\/i0.wp.com\/bice.org\/app\/uploads\/2020\/11\/jeunes-conference.jpg?fit=1164%2C506&ssl=1","contentUrl":"https:\/\/i0.wp.com\/bice.org\/app\/uploads\/2020\/11\/jeunes-conference.jpg?fit=1164%2C506&ssl=1","width":1164,"height":506,"caption":"participation Jeunes conf\u00e9rence r\u00e9gionale"},{"@type":"BreadcrumbList","@id":"https:\/\/bice.org\/fr\/conference-du-bice-sur-la-lutte-contre-la-violence-les-recommandations-des-enfants\/#breadcrumb","itemListElement":[{"@type":"ListItem","position":1,"name":"Accueil","item":"https:\/\/bice.org\/fr\/"},{"@type":"ListItem","position":2,"name":"Actualit\u00e9s du BICE","item":"https:\/\/bice.org\/fr\/theme\/actualites-du-bice\/"},{"@type":"ListItem","position":3,"name":"Conf\u00e9rence du BICE sur la lutte contre la violence\u00a0: les recommandations des enfants"}]},{"@type":"WebSite","@id":"https:\/\/bice.org\/fr\/#website","url":"https:\/\/bice.org\/fr\/","name":"BICE - ONG de protection des droits de l&#039;enfant","description":"Notre mission : D\u00e9fendre les droits et la dignit\u00e9 des enfants partout dans le monde","publisher":{"@id":"https:\/\/bice.org\/fr\/#organization"},"potentialAction":[{"@type":"SearchAction","target":{"@type":"EntryPoint","urlTemplate":"https:\/\/bice.org\/fr\/?s={search_term_string}"},"query-input":{"@type":"PropertyValueSpecification","valueRequired":true,"valueName":"search_term_string"}}],"inLanguage":"fr-FR"},{"@type":"Organization","@id":"https:\/\/bice.org\/fr\/#organization","name":"BICE","url":"https:\/\/bice.org\/fr\/","logo":{"@type":"ImageObject","inLanguage":"fr-FR","@id":"https:\/\/bice.org\/fr\/#\/schema\/logo\/image\/","url":"https:\/\/bice.org\/app\/uploads\/2022\/06\/favicon.ico","contentUrl":"https:\/\/bice.org\/app\/uploads\/2022\/06\/favicon.ico","width":64,"height":64,"caption":"BICE"},"image":{"@id":"https:\/\/bice.org\/fr\/#\/schema\/logo\/image\/"}},{"@type":"Person","@id":"https:\/\/bice.org\/fr\/#\/schema\/person\/86b15587982e756d45e62e1230e9759f","name":"Tiphaine POIDEVIN","image":{"@type":"ImageObject","inLanguage":"fr-FR","@id":"https:\/\/secure.gravatar.com\/avatar\/1e6863fae181af75938b89f792dfe2810d35ae7fd6ab1fb385614a15dff81a3a?s=96&d=mm&r=g","url":"https:\/\/secure.gravatar.com\/avatar\/1e6863fae181af75938b89f792dfe2810d35ae7fd6ab1fb385614a15dff81a3a?s=96&d=mm&r=g","contentUrl":"https:\/\/secure.gravatar.com\/avatar\/1e6863fae181af75938b89f792dfe2810d35ae7fd6ab1fb385614a15dff81a3a?s=96&d=mm&r=g","caption":"Tiphaine POIDEVIN"}}]}},"jetpack_publicize_connections":[],"jetpack_featured_media_url":"https:\/\/i0.wp.com\/bice.org\/app\/uploads\/2020\/11\/jeunes-conference.jpg?fit=1164%2C506&ssl=1","jetpack_sharing_enabled":true,"_links":{"self":[{"href":"https:\/\/bice.org\/fr\/wp-json\/wp\/v2\/posts\/53072","targetHints":{"allow":["GET"]}}],"collection":[{"href":"https:\/\/bice.org\/fr\/wp-json\/wp\/v2\/posts"}],"about":[{"href":"https:\/\/bice.org\/fr\/wp-json\/wp\/v2\/types\/post"}],"author":[{"embeddable":true,"href":"https:\/\/bice.org\/fr\/wp-json\/wp\/v2\/users\/19"}],"replies":[{"embeddable":true,"href":"https:\/\/bice.org\/fr\/wp-json\/wp\/v2\/comments?post=53072"}],"version-history":[{"count":0,"href":"https:\/\/bice.org\/fr\/wp-json\/wp\/v2\/posts\/53072\/revisions"}],"wp:featuredmedia":[{"embeddable":true,"href":"https:\/\/bice.org\/fr\/wp-json\/wp\/v2\/media\/53074"}],"wp:attachment":[{"href":"https:\/\/bice.org\/fr\/wp-json\/wp\/v2\/media?parent=53072"}],"wp:term":[{"taxonomy":"category","embeddable":true,"href":"https:\/\/bice.org\/fr\/wp-json\/wp\/v2\/categories?post=53072"},{"taxonomy":"post_tag","embeddable":true,"href":"https:\/\/bice.org\/fr\/wp-json\/wp\/v2\/tags?post=53072"}],"curies":[{"name":"wp","href":"https:\/\/api.w.org\/{rel}","templated":true}]}}