{"id":56290,"date":"2021-03-25T09:57:01","date_gmt":"2021-03-25T08:57:01","guid":{"rendered":"https:\/\/bice.org\/?p=56290"},"modified":"2024-07-30T10:27:12","modified_gmt":"2024-07-30T08:27:12","slug":"des-tuteurs-de-resilience-en-syrie","status":"publish","type":"post","link":"https:\/\/bice.org\/fr\/des-tuteurs-de-resilience-en-syrie\/","title":{"rendered":"2014 et 2018. Des Tuteurs de r\u00e9silience en Syrie"},"content":{"rendered":"<p>\u00ab&nbsp;<em>La guerre en Syrie a laiss\u00e9 la vie et l&#8217;avenir d&#8217;une g\u00e9n\u00e9ration d&#8217;enfants suspendus \u00e0 un fil<\/em>, a averti l\u2019Unicef le 10 mars 2021. <em>La situation de nombreux enfants et familles reste pr\u00e9caire, avec pr\u00e8s de 90&nbsp;% des enfants ayant besoin d&#8217;une aide humanitaire, soit une augmentation de 20&nbsp;% au cours de la seule ann\u00e9e derni\u00e8re.<\/em>&nbsp;\u00bb Dans ce contexte, plus de 500 000 enfants de moins de 5 ans pr\u00e9sentent des retards de croissance dus \u00e0 la malnutrition. Et plus de 3 millions ne sont pas scolaris\u00e9s (en Syrie et dans les pays voisins pour les enfants r\u00e9fugi\u00e9s).<\/p>\n<p>Autre donn\u00e9e inqui\u00e9tante&nbsp;: l\u2019augmentation du nombre signal\u00e9 d&#8217;enfants souffrant de sympt\u00f4mes de d\u00e9tresse psychosociale. Il a doubl\u00e9 en 2020. En raison notamment de l&#8217;exposition continue \u00e0 la violence et aux traumatismes dont les effets sur la sant\u00e9 mentale sont d\u00e9vastateurs. Enfin, pr\u00e8s de 6 millions d\u2019enfants syriens sont n\u00e9s depuis le d\u00e9but du conflit. Cette g\u00e9n\u00e9ration ne conna\u00eet donc que la guerre, la violence, les d\u00e9placements. 2,5 millions d\u2019enfant ont en effet \u00e9t\u00e9 d\u00e9racin\u00e9s, forc\u00e9s de fuir avec leur famille dans l\u2019un des pays voisins.<\/p>\n<h2><strong>Soutenir et accompagner ces enfants en formant des tuteurs de r\u00e9silience en Syrie<\/strong><\/h2>\n<p>Tous ces enfants ont besoin d\u2019un soutien adapt\u00e9. Il est imp\u00e9ratif de les aider \u00e0 surmonter les traumatismes de la guerre et \u00e0 se reconstruire psychologiquement. Pour sa part, le BICE t\u00e2che de renforcer l\u2019accompagnement de ces enfants depuis 2014, en<a href=\"https:\/\/bice.org\/fr\/actions-de-terrain\/domaines-daction\/tuteurs-de-resilience\/\"> formant ses partenaires locaux \u00e0 la r\u00e9silience<\/a>. L\u2019objectif de ce programme, mis en place avec l\u2019universit\u00e9 catholique du Sacr\u00e9 C\u0153ur de Milan ? Renforcer les comp\u00e9tences des \u00e9ducateurs, enseignants, travailleurs sociaux, investis sur place, afin qu\u2019ils apportent un appui psychosocial adapt\u00e9 aux enfants.<\/p>\n<p>Dans les premi\u00e8res ann\u00e9es, le projet a \u00e9t\u00e9 men\u00e9 en collaboration avec l\u2019\u0152uvre d\u2019Orient et la Fondation Adyan en Syrie et aupr\u00e8s de la population r\u00e9fugi\u00e9e au Liban.<\/p>\n<p>Depuis 2018, le BICE et l\u2019universit\u00e9 catholique de Milan travaillent aupr\u00e8s des Maristes Bleus d\u2019Alep. Ces derniers accueillent dans leurs centres des enfants \u00e2g\u00e9s entre 3 et 6 ans. Et ce, avec le soutien de l&#8217;Association Francesco Realmonte Onlus et de la Fondation mariste pour la solidarit\u00e9 internationale. Deux formations ont ainsi \u00e9t\u00e9 men\u00e9es \u00e0 Alep. Malheureusement, la formation pr\u00e9vue en 2020 a d\u00fb \u00eatre annul\u00e9e en raison de l\u2019ins\u00e9curit\u00e9 et de la pand\u00e9mie.<\/p>\n<h2><strong>Au cours des formations, les \u00e9ducateurs ont appris \u00e0 :<\/strong><\/h2>\n<p>-mieux cerner les concepts de vuln\u00e9rabilit\u00e9 et de r\u00e9silience&nbsp;;<\/p>\n<p>-identifier et travailler sur \u00e9motions de l\u2019enfant, en particulier celles qui sont les plus fr\u00e9quentes chez les enfants victimes de la guerre (peur, col\u00e8re, d\u00e9go\u00fbt, tristesse, ins\u00e9curit\u00e9\u2026)&nbsp;;<\/p>\n<p>-d\u00e9velopper des m\u00e9thodes pour aider ces enfants \u00e0 se reconstruire individuellement, dans leur identit\u00e9 culturelle. Une attention sp\u00e9ciale a \u00e9t\u00e9 ici accord\u00e9e \u00e0 la spiritualit\u00e9. En effet, dans cette partie du Moyen-Orient, la foi est consid\u00e9r\u00e9e comme un facteur inn\u00e9 de r\u00e9silience. Elle aide dans les moments difficiles et permet de donner du sens \u00e0 la douleur ressentie.<\/p>\n<p>&#8211; r\u00e9aliser des exercices pratiques avec les enfants pour favoriser leur r\u00e9silience.<\/p>\n","protected":false},"excerpt":{"rendered":"<p>10 ans apr\u00e8s le d\u00e9but du conflit en Syrie, le bilan est lourd. Et les enfants sont les premi\u00e8res victimes. Pr\u00e8s de 12 000 ont \u00e9t\u00e9 tu\u00e9s, selon l\u2019Unicef, soit une moyenne de plus de trois enfants par jour. De plus, 90% des jeunes syriens et leurs familles vivent actuellement dans des conditions extr\u00eamement difficiles.<\/p>\n","protected":false},"author":19,"featured_media":56376,"comment_status":"closed","ping_status":"closed","sticky":false,"template":"","format":"standard","meta":{"_acf_changed":false,"footnotes":"","jetpack_publicize_message":"","jetpack_publicize_feature_enabled":true,"jetpack_social_post_already_shared":false,"jetpack_social_options":{"image_generator_settings":{"template":"highway","default_image_id":0,"font":"","enabled":false},"version":2}},"categories":[2523],"tags":[735,458,737],"class_list":["post-56290","post","type-post","status-publish","format-standard","has-post-thumbnail","hentry","category-archives","tag-enfants-syriens","tag-syrie","tag-tuteurs-de-resilience"],"acf":[],"yoast_head":"<!-- This site is optimized with the Yoast SEO plugin v27.2 - https:\/\/yoast.com\/product\/yoast-seo-wordpress\/ -->\n<title>Formation Tuteurs de r\u00e9silience en Syrie | BICE<\/title>\n<meta name=\"description\" content=\"10 ans apr\u00e8s le d\u00e9but du conflit en Syrie, le bilan est lourd. Et les enfants sont les premi\u00e8res victimes.\" \/>\n<meta name=\"robots\" content=\"index, follow, max-snippet:-1, max-image-preview:large, max-video-preview:-1\" \/>\n<link rel=\"canonical\" href=\"https:\/\/bice.org\/fr\/wp-json\/wp\/v2\/posts\/56290\" \/>\n<meta property=\"og:locale\" content=\"fr_FR\" \/>\n<meta property=\"og:type\" content=\"article\" \/>\n<meta property=\"og:title\" content=\"Formation Tuteurs de r\u00e9silience en Syrie | BICE\" \/>\n<meta property=\"og:description\" content=\"10 ans apr\u00e8s le d\u00e9but du conflit en Syrie, le bilan est lourd. Et les enfants sont les premi\u00e8res victimes.\" \/>\n<meta property=\"og:url\" content=\"https:\/\/bice.org\/fr\/des-tuteurs-de-resilience-en-syrie\/\" \/>\n<meta property=\"og:site_name\" content=\"BICE - ONG de protection des droits de l&#039;enfant\" \/>\n<meta property=\"article:published_time\" content=\"2021-03-25T08:57:01+00:00\" \/>\n<meta property=\"article:modified_time\" content=\"2024-07-30T08:27:12+00:00\" \/>\n<meta property=\"og:image\" content=\"https:\/\/i0.wp.com\/bice.org\/app\/uploads\/2021\/03\/visuels-guerre-syrie-1.jpg?fit=1182%2C514&ssl=1\" \/>\n\t<meta property=\"og:image:width\" content=\"1182\" \/>\n\t<meta property=\"og:image:height\" content=\"514\" \/>\n\t<meta property=\"og:image:type\" content=\"image\/jpeg\" \/>\n<meta name=\"author\" content=\"Tiphaine POIDEVIN\" \/>\n<meta name=\"twitter:card\" content=\"summary_large_image\" \/>\n<meta name=\"twitter:label1\" content=\"\u00c9crit par\" \/>\n\t<meta name=\"twitter:data1\" content=\"Tiphaine POIDEVIN\" \/>\n\t<meta name=\"twitter:label2\" content=\"Dur\u00e9e de lecture estim\u00e9e\" \/>\n\t<meta name=\"twitter:data2\" content=\"3 minutes\" \/>\n<!-- \/ Yoast SEO plugin. -->","yoast_head_json":{"title":"Formation Tuteurs de r\u00e9silience en Syrie | BICE","description":"10 ans apr\u00e8s le d\u00e9but du conflit en Syrie, le bilan est lourd. Et les enfants sont les premi\u00e8res victimes.","robots":{"index":"index","follow":"follow","max-snippet":"max-snippet:-1","max-image-preview":"max-image-preview:large","max-video-preview":"max-video-preview:-1"},"canonical":"https:\/\/bice.org\/fr\/wp-json\/wp\/v2\/posts\/56290","og_locale":"fr_FR","og_type":"article","og_title":"Formation Tuteurs de r\u00e9silience en Syrie | BICE","og_description":"10 ans apr\u00e8s le d\u00e9but du conflit en Syrie, le bilan est lourd. Et les enfants sont les premi\u00e8res victimes.","og_url":"https:\/\/bice.org\/fr\/des-tuteurs-de-resilience-en-syrie\/","og_site_name":"BICE - ONG de protection des droits de l&#039;enfant","article_published_time":"2021-03-25T08:57:01+00:00","article_modified_time":"2024-07-30T08:27:12+00:00","og_image":[{"width":1182,"height":514,"url":"https:\/\/i0.wp.com\/bice.org\/app\/uploads\/2021\/03\/visuels-guerre-syrie-1.jpg?fit=1182%2C514&ssl=1","type":"image\/jpeg"}],"author":"Tiphaine POIDEVIN","twitter_card":"summary_large_image","twitter_misc":{"\u00c9crit par":"Tiphaine POIDEVIN","Dur\u00e9e de lecture estim\u00e9e":"3 minutes"},"schema":{"@context":"https:\/\/schema.org","@graph":[{"@type":"Article","@id":"https:\/\/bice.org\/fr\/des-tuteurs-de-resilience-en-syrie\/#article","isPartOf":{"@id":"https:\/\/bice.org\/fr\/des-tuteurs-de-resilience-en-syrie\/"},"author":{"name":"Tiphaine POIDEVIN","@id":"https:\/\/bice.org\/fr\/#\/schema\/person\/86b15587982e756d45e62e1230e9759f"},"headline":"2014 et 2018. Des Tuteurs de r\u00e9silience en Syrie","datePublished":"2021-03-25T08:57:01+00:00","dateModified":"2024-07-30T08:27:12+00:00","mainEntityOfPage":{"@id":"https:\/\/bice.org\/fr\/des-tuteurs-de-resilience-en-syrie\/"},"wordCount":566,"publisher":{"@id":"https:\/\/bice.org\/fr\/#organization"},"image":{"@id":"https:\/\/bice.org\/fr\/des-tuteurs-de-resilience-en-syrie\/#primaryimage"},"thumbnailUrl":"https:\/\/i0.wp.com\/bice.org\/app\/uploads\/2021\/03\/visuels-guerre-syrie-1.jpg?fit=1182%2C514&ssl=1","keywords":["Enfants syriens","Syrie","Tuteurs de r\u00e9silience"],"articleSection":["archives"],"inLanguage":"fr-FR"},{"@type":"WebPage","@id":"https:\/\/bice.org\/fr\/des-tuteurs-de-resilience-en-syrie\/","url":"https:\/\/bice.org\/fr\/des-tuteurs-de-resilience-en-syrie\/","name":"Formation Tuteurs de r\u00e9silience en Syrie | BICE","isPartOf":{"@id":"https:\/\/bice.org\/fr\/#website"},"primaryImageOfPage":{"@id":"https:\/\/bice.org\/fr\/des-tuteurs-de-resilience-en-syrie\/#primaryimage"},"image":{"@id":"https:\/\/bice.org\/fr\/des-tuteurs-de-resilience-en-syrie\/#primaryimage"},"thumbnailUrl":"https:\/\/i0.wp.com\/bice.org\/app\/uploads\/2021\/03\/visuels-guerre-syrie-1.jpg?fit=1182%2C514&ssl=1","datePublished":"2021-03-25T08:57:01+00:00","dateModified":"2024-07-30T08:27:12+00:00","description":"10 ans apr\u00e8s le d\u00e9but du conflit en Syrie, le bilan est lourd. Et les enfants sont les premi\u00e8res victimes.","breadcrumb":{"@id":"https:\/\/bice.org\/fr\/des-tuteurs-de-resilience-en-syrie\/#breadcrumb"},"inLanguage":"fr-FR","potentialAction":[{"@type":"ReadAction","target":["https:\/\/bice.org\/fr\/des-tuteurs-de-resilience-en-syrie\/"]}]},{"@type":"ImageObject","inLanguage":"fr-FR","@id":"https:\/\/bice.org\/fr\/des-tuteurs-de-resilience-en-syrie\/#primaryimage","url":"https:\/\/i0.wp.com\/bice.org\/app\/uploads\/2021\/03\/visuels-guerre-syrie-1.jpg?fit=1182%2C514&ssl=1","contentUrl":"https:\/\/i0.wp.com\/bice.org\/app\/uploads\/2021\/03\/visuels-guerre-syrie-1.jpg?fit=1182%2C514&ssl=1","width":1182,"height":514,"caption":"Dessin d'enfant lors d'un atelier r\u00e9silience"},{"@type":"BreadcrumbList","@id":"https:\/\/bice.org\/fr\/des-tuteurs-de-resilience-en-syrie\/#breadcrumb","itemListElement":[{"@type":"ListItem","position":1,"name":"Accueil","item":"https:\/\/bice.org\/fr\/"},{"@type":"ListItem","position":2,"name":"archives","item":"https:\/\/bice.org\/fr\/theme\/archives\/"},{"@type":"ListItem","position":3,"name":"2014 et 2018. Des Tuteurs de r\u00e9silience en Syrie"}]},{"@type":"WebSite","@id":"https:\/\/bice.org\/fr\/#website","url":"https:\/\/bice.org\/fr\/","name":"BICE - ONG de protection des droits de l&#039;enfant","description":"Notre mission : D\u00e9fendre les droits et la dignit\u00e9 des enfants partout dans le monde","publisher":{"@id":"https:\/\/bice.org\/fr\/#organization"},"potentialAction":[{"@type":"SearchAction","target":{"@type":"EntryPoint","urlTemplate":"https:\/\/bice.org\/fr\/?s={search_term_string}"},"query-input":{"@type":"PropertyValueSpecification","valueRequired":true,"valueName":"search_term_string"}}],"inLanguage":"fr-FR"},{"@type":"Organization","@id":"https:\/\/bice.org\/fr\/#organization","name":"BICE","url":"https:\/\/bice.org\/fr\/","logo":{"@type":"ImageObject","inLanguage":"fr-FR","@id":"https:\/\/bice.org\/fr\/#\/schema\/logo\/image\/","url":"https:\/\/bice.org\/app\/uploads\/2022\/06\/favicon.ico","contentUrl":"https:\/\/bice.org\/app\/uploads\/2022\/06\/favicon.ico","width":64,"height":64,"caption":"BICE"},"image":{"@id":"https:\/\/bice.org\/fr\/#\/schema\/logo\/image\/"}},{"@type":"Person","@id":"https:\/\/bice.org\/fr\/#\/schema\/person\/86b15587982e756d45e62e1230e9759f","name":"Tiphaine POIDEVIN","image":{"@type":"ImageObject","inLanguage":"fr-FR","@id":"https:\/\/secure.gravatar.com\/avatar\/1e6863fae181af75938b89f792dfe2810d35ae7fd6ab1fb385614a15dff81a3a?s=96&d=mm&r=g","url":"https:\/\/secure.gravatar.com\/avatar\/1e6863fae181af75938b89f792dfe2810d35ae7fd6ab1fb385614a15dff81a3a?s=96&d=mm&r=g","contentUrl":"https:\/\/secure.gravatar.com\/avatar\/1e6863fae181af75938b89f792dfe2810d35ae7fd6ab1fb385614a15dff81a3a?s=96&d=mm&r=g","caption":"Tiphaine POIDEVIN"}}]}},"jetpack_publicize_connections":[],"jetpack_featured_media_url":"https:\/\/i0.wp.com\/bice.org\/app\/uploads\/2021\/03\/visuels-guerre-syrie-1.jpg?fit=1182%2C514&ssl=1","jetpack_sharing_enabled":true,"_links":{"self":[{"href":"https:\/\/bice.org\/fr\/wp-json\/wp\/v2\/posts\/56290","targetHints":{"allow":["GET"]}}],"collection":[{"href":"https:\/\/bice.org\/fr\/wp-json\/wp\/v2\/posts"}],"about":[{"href":"https:\/\/bice.org\/fr\/wp-json\/wp\/v2\/types\/post"}],"author":[{"embeddable":true,"href":"https:\/\/bice.org\/fr\/wp-json\/wp\/v2\/users\/19"}],"replies":[{"embeddable":true,"href":"https:\/\/bice.org\/fr\/wp-json\/wp\/v2\/comments?post=56290"}],"version-history":[{"count":0,"href":"https:\/\/bice.org\/fr\/wp-json\/wp\/v2\/posts\/56290\/revisions"}],"wp:featuredmedia":[{"embeddable":true,"href":"https:\/\/bice.org\/fr\/wp-json\/wp\/v2\/media\/56376"}],"wp:attachment":[{"href":"https:\/\/bice.org\/fr\/wp-json\/wp\/v2\/media?parent=56290"}],"wp:term":[{"taxonomy":"category","embeddable":true,"href":"https:\/\/bice.org\/fr\/wp-json\/wp\/v2\/categories?post=56290"},{"taxonomy":"post_tag","embeddable":true,"href":"https:\/\/bice.org\/fr\/wp-json\/wp\/v2\/tags?post=56290"}],"curies":[{"name":"wp","href":"https:\/\/api.w.org\/{rel}","templated":true}]}}