{"id":62248,"date":"2021-09-29T14:15:46","date_gmt":"2021-09-29T12:15:46","guid":{"rendered":"https:\/\/bice.org\/?p=62248"},"modified":"2021-09-29T14:19:32","modified_gmt":"2021-09-29T12:19:32","slug":"mobilisons-nous-journee-mondiale-du-refus-de-la-misere","status":"publish","type":"post","link":"https:\/\/bice.org\/fr\/mobilisons-nous-journee-mondiale-du-refus-de-la-misere\/","title":{"rendered":"Mobilisons-nous. Journ\u00e9e mondiale du refus de la mis\u00e8re"},"content":{"rendered":"\n<p>C\u00e9l\u00e9br\u00e9e chaque ann\u00e9e le 17 octobre, la Journ\u00e9e mondiale du refus de la mis\u00e8re fait entendre la voix des personnes en situation d\u2019extr\u00eame pauvret\u00e9. Et mobilise les citoyens dans la lutte contre la mis\u00e8re. Elle aura cette ann\u00e9e pour th\u00e8me \u00ab Dignit\u00e9 et pouvoir d\u2019agir&nbsp;: remettre les droits humains au c\u0153ur de la vie en soci\u00e9t\u00e9 \u00bb.&nbsp; Pour la deuxi\u00e8me ann\u00e9e cons\u00e9cutive, le BICE participera \u00e0 cette mobilisation aux c\u00f4t\u00e9s d\u2019une soixantaine d\u2019associations membres du collectif 17 octobre, notamment ATD Quart-Monde, organisateur de la journ\u00e9e.<\/p>\n\n\n\n<h2 class=\"wp-block-heading\">Redonner le pouvoir d\u2019agir aux plus d\u00e9munis<\/h2>\n\n\n\n<p>Augmentation du nombre de demandeurs d\u2019emploi de longue dur\u00e9e, de jeunes plong\u00e9s dans la pr\u00e9carit\u00e9, de personnes \u00e2g\u00e9es isol\u00e9es, files d\u2019attentes interminables devant les distributions alimentaires\u2026 La pand\u00e9mie de Covid-19 qui s\u2019est abattue sur le monde d\u00e9but 2020 a accru la pauvret\u00e9 et creus\u00e9 les in\u00e9galit\u00e9s, au sein des soci\u00e9t\u00e9s, mais aussi entre les pays. Le pouvoir d\u2019agir des plus pauvres s\u2019en retrouve encore affaibli. Ainsi le chemin est loin de se r\u00e9duire pour qu\u2019ils acc\u00e8dent r\u00e9ellement aux droits fondamentaux &#8211; un logement d\u00e9cent, une alimentation saine, une \u00e9ducation de qualit\u00e9, un emploi digne, des loisirs accessibles&#8230; Droits aussi \u00e0 participer \u00e0 la vie publique et \u00e0 \u00eatre entendus !<\/p>\n\n\n\n<p>La Journ\u00e9e mondiale du refus de la mis\u00e8re donnera donc la parole \u00e0 celles et ceux qui vivent dans la pr\u00e9carit\u00e9. Ils pourront partager leurs exp\u00e9riences, leurs savoirs, leurs comp\u00e9tences et leurs attentes, accrues par la pand\u00e9mie. Ce 17 octobre fera une place aux jeunes, aux femmes particuli\u00e8rement touch\u00e9es par cette crise, aux personnes priv\u00e9es d\u2019emploi et \u00e0 celles r\u00e9duites \u00e0 vivre dans la rue.<strong> La voix des enfants qui souffrent de la pauvret\u00e9 dans le monde r\u00e9sonnera notamment \u00e0 travers la lecture par le BICE de plusieurs t\u00e9moignages recueillis sur le terrain<\/strong>.<\/p>\n\n\n\n<h2 class=\"wp-block-heading\">Programme de la journ\u00e9e du refus de la mis\u00e8re<\/h2>\n\n\n\n<p>Pour participer \u00e0 la journ\u00e9e, rendez-vous<strong> le dimanche 17 octobre 2021 au Trocad\u00e9ro, \u00e0 partir de 10h<\/strong>. Au programme : animations, sc\u00e8ne artistique, concerts, expositions, ateliers, d\u00e9bats, grands jeux\u2026 Et \u00e0 partir de 16h, des t\u00e9moignages de personnes vivant la grande pauvret\u00e9&nbsp;; mais aussi des prises de parole d\u2019artistes, d\u2019\u00e9lus et de repr\u00e9sentants associatifs. Nous vous attendons nombreux&nbsp;!<\/p>\n\n\n\n<h6 class=\"wp-block-heading\"><a href=\"https:\/\/fb.me\/e\/NrpAhlD3\"><strong>Ev\u00e9nement Facebook<\/strong><\/a><\/h6>\n\n\n\n<h6 class=\"wp-block-heading\">La journ\u00e9e mondiale du refus de la mis\u00e8re, c\u2019est dans toute la France\u00a0! Retrouvez <a href=\"https:\/\/17-10-2021-refus-de-la-misere.gogocarto.fr\/annuaire?fbclid=IwAR0wqZGcInFWzigUAfBYkucucOZckBPI__b5W9YGZ7RN27A48d2ukUBo-SE#\/carte\/@48.53,-3.82,5z?cat=all\">ici<\/a> des mobilisations pr\u00e8s de chez vous.<\/h6>\n","protected":false},"excerpt":{"rendered":"<p>Le dimanche 17 octobre, participez \u00e0 la Journ\u00e9e mondiale du refus de la mis\u00e8re dont le th\u00e8me cette ann\u00e9e est \u00ab Dignit\u00e9 et pouvoir d\u2019agir : remettre les droits humains au c\u0153ur de la vie en soci\u00e9t\u00e9 \u00bb.<\/p>\n","protected":false},"author":19,"featured_media":62255,"comment_status":"closed","ping_status":"closed","sticky":false,"template":"","format":"standard","meta":{"_acf_changed":false,"footnotes":"","jetpack_publicize_message":"","jetpack_publicize_feature_enabled":true,"jetpack_social_post_already_shared":false,"jetpack_social_options":{"image_generator_settings":{"template":"highway","default_image_id":0,"font":"","enabled":false},"version":2}},"categories":[1],"tags":[2071,394],"class_list":["post-62248","post","type-post","status-publish","format-standard","has-post-thumbnail","hentry","category-non-categorise","tag-journee-mondiale-du-refus-de-la-misere","tag-pauvrete"],"acf":[],"yoast_head":"<!-- This site is optimized with the Yoast SEO plugin v27.2 - https:\/\/yoast.com\/product\/yoast-seo-wordpress\/ -->\n<title>Mobilisons-nous. Journ\u00e9e mondiale du refus de la mis\u00e8re - BICE - ONG de protection des droits de l&#039;enfant<\/title>\n<meta name=\"description\" content=\"Le dimanche 17 octobre, participez \u00e0 la Journ\u00e9e mondiale du refus de la mis\u00e8re. Le th\u00e8me cette ann\u00e9e : Dignit\u00e9 et pouvoir d\u2019agir.\" \/>\n<meta name=\"robots\" content=\"index, follow, max-snippet:-1, max-image-preview:large, max-video-preview:-1\" \/>\n<link rel=\"canonical\" href=\"https:\/\/bice.org\/fr\/wp-json\/wp\/v2\/posts\/62248\" \/>\n<meta property=\"og:locale\" content=\"fr_FR\" \/>\n<meta property=\"og:type\" content=\"article\" \/>\n<meta property=\"og:title\" content=\"Mobilisons-nous. Journ\u00e9e mondiale du refus de la mis\u00e8re - BICE - ONG de protection des droits de l&#039;enfant\" \/>\n<meta property=\"og:description\" content=\"Le dimanche 17 octobre, participez \u00e0 la Journ\u00e9e mondiale du refus de la mis\u00e8re. Le th\u00e8me cette ann\u00e9e : Dignit\u00e9 et pouvoir d\u2019agir.\" \/>\n<meta property=\"og:url\" content=\"https:\/\/bice.org\/fr\/mobilisons-nous-journee-mondiale-du-refus-de-la-misere\/\" \/>\n<meta property=\"og:site_name\" content=\"BICE - ONG de protection des droits de l&#039;enfant\" \/>\n<meta property=\"article:published_time\" content=\"2021-09-29T12:15:46+00:00\" \/>\n<meta property=\"article:modified_time\" content=\"2021-09-29T12:19:32+00:00\" \/>\n<meta property=\"og:image\" content=\"https:\/\/i0.wp.com\/bice.org\/app\/uploads\/2021\/09\/bandeau-17-oct.jpg?fit=1000%2C580&ssl=1\" \/>\n\t<meta property=\"og:image:width\" content=\"1000\" \/>\n\t<meta property=\"og:image:height\" content=\"580\" \/>\n\t<meta property=\"og:image:type\" content=\"image\/jpeg\" \/>\n<meta name=\"author\" content=\"Tiphaine POIDEVIN\" \/>\n<meta name=\"twitter:card\" content=\"summary_large_image\" \/>\n<meta name=\"twitter:label1\" content=\"\u00c9crit par\" \/>\n\t<meta name=\"twitter:data1\" content=\"Tiphaine POIDEVIN\" \/>\n\t<meta name=\"twitter:label2\" content=\"Dur\u00e9e de lecture estim\u00e9e\" \/>\n\t<meta name=\"twitter:data2\" content=\"2 minutes\" \/>\n<!-- \/ Yoast SEO plugin. -->","yoast_head_json":{"title":"Mobilisons-nous. Journ\u00e9e mondiale du refus de la mis\u00e8re - BICE - ONG de protection des droits de l&#039;enfant","description":"Le dimanche 17 octobre, participez \u00e0 la Journ\u00e9e mondiale du refus de la mis\u00e8re. Le th\u00e8me cette ann\u00e9e : Dignit\u00e9 et pouvoir d\u2019agir.","robots":{"index":"index","follow":"follow","max-snippet":"max-snippet:-1","max-image-preview":"max-image-preview:large","max-video-preview":"max-video-preview:-1"},"canonical":"https:\/\/bice.org\/fr\/wp-json\/wp\/v2\/posts\/62248","og_locale":"fr_FR","og_type":"article","og_title":"Mobilisons-nous. Journ\u00e9e mondiale du refus de la mis\u00e8re - BICE - ONG de protection des droits de l&#039;enfant","og_description":"Le dimanche 17 octobre, participez \u00e0 la Journ\u00e9e mondiale du refus de la mis\u00e8re. Le th\u00e8me cette ann\u00e9e : Dignit\u00e9 et pouvoir d\u2019agir.","og_url":"https:\/\/bice.org\/fr\/mobilisons-nous-journee-mondiale-du-refus-de-la-misere\/","og_site_name":"BICE - ONG de protection des droits de l&#039;enfant","article_published_time":"2021-09-29T12:15:46+00:00","article_modified_time":"2021-09-29T12:19:32+00:00","og_image":[{"width":1000,"height":580,"url":"https:\/\/i0.wp.com\/bice.org\/app\/uploads\/2021\/09\/bandeau-17-oct.jpg?fit=1000%2C580&ssl=1","type":"image\/jpeg"}],"author":"Tiphaine POIDEVIN","twitter_card":"summary_large_image","twitter_misc":{"\u00c9crit par":"Tiphaine POIDEVIN","Dur\u00e9e de lecture estim\u00e9e":"2 minutes"},"schema":{"@context":"https:\/\/schema.org","@graph":[{"@type":"Article","@id":"https:\/\/bice.org\/fr\/mobilisons-nous-journee-mondiale-du-refus-de-la-misere\/#article","isPartOf":{"@id":"https:\/\/bice.org\/fr\/mobilisons-nous-journee-mondiale-du-refus-de-la-misere\/"},"author":{"name":"Tiphaine POIDEVIN","@id":"https:\/\/bice.org\/fr\/#\/schema\/person\/86b15587982e756d45e62e1230e9759f"},"headline":"Mobilisons-nous. Journ\u00e9e mondiale du refus de la mis\u00e8re","datePublished":"2021-09-29T12:15:46+00:00","dateModified":"2021-09-29T12:19:32+00:00","mainEntityOfPage":{"@id":"https:\/\/bice.org\/fr\/mobilisons-nous-journee-mondiale-du-refus-de-la-misere\/"},"wordCount":451,"publisher":{"@id":"https:\/\/bice.org\/fr\/#organization"},"image":{"@id":"https:\/\/bice.org\/fr\/mobilisons-nous-journee-mondiale-du-refus-de-la-misere\/#primaryimage"},"thumbnailUrl":"https:\/\/i0.wp.com\/bice.org\/app\/uploads\/2021\/09\/bandeau-17-oct.jpg?fit=1000%2C580&ssl=1","keywords":["Journ\u00e9e mondiale du refus de la mis\u00e8re","pauvret\u00e9"],"articleSection":["Non cat\u00e9goris\u00e9"],"inLanguage":"fr-FR"},{"@type":"WebPage","@id":"https:\/\/bice.org\/fr\/mobilisons-nous-journee-mondiale-du-refus-de-la-misere\/","url":"https:\/\/bice.org\/fr\/mobilisons-nous-journee-mondiale-du-refus-de-la-misere\/","name":"Mobilisons-nous. Journ\u00e9e mondiale du refus de la mis\u00e8re - BICE - ONG de protection des droits de l&#039;enfant","isPartOf":{"@id":"https:\/\/bice.org\/fr\/#website"},"primaryImageOfPage":{"@id":"https:\/\/bice.org\/fr\/mobilisons-nous-journee-mondiale-du-refus-de-la-misere\/#primaryimage"},"image":{"@id":"https:\/\/bice.org\/fr\/mobilisons-nous-journee-mondiale-du-refus-de-la-misere\/#primaryimage"},"thumbnailUrl":"https:\/\/i0.wp.com\/bice.org\/app\/uploads\/2021\/09\/bandeau-17-oct.jpg?fit=1000%2C580&ssl=1","datePublished":"2021-09-29T12:15:46+00:00","dateModified":"2021-09-29T12:19:32+00:00","description":"Le dimanche 17 octobre, participez \u00e0 la Journ\u00e9e mondiale du refus de la mis\u00e8re. Le th\u00e8me cette ann\u00e9e : Dignit\u00e9 et pouvoir d\u2019agir.","breadcrumb":{"@id":"https:\/\/bice.org\/fr\/mobilisons-nous-journee-mondiale-du-refus-de-la-misere\/#breadcrumb"},"inLanguage":"fr-FR","potentialAction":[{"@type":"ReadAction","target":["https:\/\/bice.org\/fr\/mobilisons-nous-journee-mondiale-du-refus-de-la-misere\/"]}]},{"@type":"ImageObject","inLanguage":"fr-FR","@id":"https:\/\/bice.org\/fr\/mobilisons-nous-journee-mondiale-du-refus-de-la-misere\/#primaryimage","url":"https:\/\/i0.wp.com\/bice.org\/app\/uploads\/2021\/09\/bandeau-17-oct.jpg?fit=1000%2C580&ssl=1","contentUrl":"https:\/\/i0.wp.com\/bice.org\/app\/uploads\/2021\/09\/bandeau-17-oct.jpg?fit=1000%2C580&ssl=1","width":1000,"height":580,"caption":"Refus de la mis\u00e8re 2021"},{"@type":"BreadcrumbList","@id":"https:\/\/bice.org\/fr\/mobilisons-nous-journee-mondiale-du-refus-de-la-misere\/#breadcrumb","itemListElement":[{"@type":"ListItem","position":1,"name":"Accueil","item":"https:\/\/bice.org\/fr\/"},{"@type":"ListItem","position":2,"name":"Non cat\u00e9goris\u00e9","item":"https:\/\/bice.org\/fr\/theme\/non-categorise\/"},{"@type":"ListItem","position":3,"name":"Mobilisons-nous. Journ\u00e9e mondiale du refus de la mis\u00e8re"}]},{"@type":"WebSite","@id":"https:\/\/bice.org\/fr\/#website","url":"https:\/\/bice.org\/fr\/","name":"BICE - ONG de protection des droits de l&#039;enfant","description":"Notre mission : D\u00e9fendre les droits et la dignit\u00e9 des enfants partout dans le monde","publisher":{"@id":"https:\/\/bice.org\/fr\/#organization"},"potentialAction":[{"@type":"SearchAction","target":{"@type":"EntryPoint","urlTemplate":"https:\/\/bice.org\/fr\/?s={search_term_string}"},"query-input":{"@type":"PropertyValueSpecification","valueRequired":true,"valueName":"search_term_string"}}],"inLanguage":"fr-FR"},{"@type":"Organization","@id":"https:\/\/bice.org\/fr\/#organization","name":"BICE","url":"https:\/\/bice.org\/fr\/","logo":{"@type":"ImageObject","inLanguage":"fr-FR","@id":"https:\/\/bice.org\/fr\/#\/schema\/logo\/image\/","url":"https:\/\/bice.org\/app\/uploads\/2022\/06\/favicon.ico","contentUrl":"https:\/\/bice.org\/app\/uploads\/2022\/06\/favicon.ico","width":64,"height":64,"caption":"BICE"},"image":{"@id":"https:\/\/bice.org\/fr\/#\/schema\/logo\/image\/"}},{"@type":"Person","@id":"https:\/\/bice.org\/fr\/#\/schema\/person\/86b15587982e756d45e62e1230e9759f","name":"Tiphaine POIDEVIN","image":{"@type":"ImageObject","inLanguage":"fr-FR","@id":"https:\/\/secure.gravatar.com\/avatar\/1e6863fae181af75938b89f792dfe2810d35ae7fd6ab1fb385614a15dff81a3a?s=96&d=mm&r=g","url":"https:\/\/secure.gravatar.com\/avatar\/1e6863fae181af75938b89f792dfe2810d35ae7fd6ab1fb385614a15dff81a3a?s=96&d=mm&r=g","contentUrl":"https:\/\/secure.gravatar.com\/avatar\/1e6863fae181af75938b89f792dfe2810d35ae7fd6ab1fb385614a15dff81a3a?s=96&d=mm&r=g","caption":"Tiphaine POIDEVIN"}}]}},"jetpack_publicize_connections":[],"jetpack_featured_media_url":"https:\/\/i0.wp.com\/bice.org\/app\/uploads\/2021\/09\/bandeau-17-oct.jpg?fit=1000%2C580&ssl=1","jetpack_sharing_enabled":true,"_links":{"self":[{"href":"https:\/\/bice.org\/fr\/wp-json\/wp\/v2\/posts\/62248","targetHints":{"allow":["GET"]}}],"collection":[{"href":"https:\/\/bice.org\/fr\/wp-json\/wp\/v2\/posts"}],"about":[{"href":"https:\/\/bice.org\/fr\/wp-json\/wp\/v2\/types\/post"}],"author":[{"embeddable":true,"href":"https:\/\/bice.org\/fr\/wp-json\/wp\/v2\/users\/19"}],"replies":[{"embeddable":true,"href":"https:\/\/bice.org\/fr\/wp-json\/wp\/v2\/comments?post=62248"}],"version-history":[{"count":0,"href":"https:\/\/bice.org\/fr\/wp-json\/wp\/v2\/posts\/62248\/revisions"}],"wp:featuredmedia":[{"embeddable":true,"href":"https:\/\/bice.org\/fr\/wp-json\/wp\/v2\/media\/62255"}],"wp:attachment":[{"href":"https:\/\/bice.org\/fr\/wp-json\/wp\/v2\/media?parent=62248"}],"wp:term":[{"taxonomy":"category","embeddable":true,"href":"https:\/\/bice.org\/fr\/wp-json\/wp\/v2\/categories?post=62248"},{"taxonomy":"post_tag","embeddable":true,"href":"https:\/\/bice.org\/fr\/wp-json\/wp\/v2\/tags?post=62248"}],"curies":[{"name":"wp","href":"https:\/\/api.w.org\/{rel}","templated":true}]}}