{"id":75724,"date":"2022-07-11T13:05:29","date_gmt":"2022-07-11T11:05:29","guid":{"rendered":"https:\/\/bice.org\/?p=75724"},"modified":"2024-08-01T11:31:45","modified_gmt":"2024-08-01T09:31:45","slug":"onu-farida-shaheed-nouvelle-experte-en-charge-de-leducation","status":"publish","type":"post","link":"https:\/\/bice.org\/fr\/onu-farida-shaheed-nouvelle-experte-en-charge-de-leducation\/","title":{"rendered":"ONU. Farida Shaheed, nouvelle experte en charge de l\u2019\u00e9ducation"},"content":{"rendered":"\n<p>La nouvelle experte en charge de l\u2019\u00e9ducation, Farida Shaheed, est pakistanaise et directrice du Centre de ressources pour femmes Shirkat Gah \u00e0 Lahore au Pakistan. C\u2019est une militante engag\u00e9e sur plusieurs th\u00e9matiques relatives aux droits de l\u2019homme, notamment le droit \u00e0 l\u2019\u00e9ducation, les droits des femmes, les droits des enfants et les droits culturels.<strong> <\/strong>Elle a d\u00e9j\u00e0 servi au sein des Proc\u00e9dures sp\u00e9ciales des Nations unies en tant que Rapporteuse sp\u00e9ciale dans le domaine des droits culturels de 2009 \u00e0 2015.<\/p>\n\n\n\n<h2 class=\"wp-block-heading\">LE BICE et ses partenaires la f\u00e9licitent pour sa nomination<\/h2>\n\n\n\n<p>Le BICE et ses partenaires, notamment ceux engag\u00e9s dans la mise en \u0153uvre du projet multipays \u00c9cole sans murs au Cambodge, au Guatemala, au Paraguay et en R\u00e9publique d\u00e9mocratique du Congo, se f\u00e9licitent de sa nomination. Et lui assurent tout leur soutien dans la r\u00e9alisation de son mandat&nbsp;; y compris dans le cadre des visites qu\u2019elle pourra mener dans les pays d\u2019intervention du BICE ou des contributions sur des rapports th\u00e9matiques.<\/p>\n\n\n\n<p>Le BICE et ses partenaires lui souhaitent plein succ\u00e8s.<\/p>\n","protected":false},"excerpt":{"rendered":"<p>Au cours de sa 50e session (13 juin au 8 juillet 2022), le Conseil des droits de l\u2019homme de l\u2019ONU a proc\u00e9d\u00e9 \u00e0 la nomination d\u2019une nouvelle Rapporteuse sp\u00e9ciale sur le droit \u00e0 l\u2019\u00e9ducation, Farida Shaheed. Elle succ\u00e8de \u00e0 Koumbou Boly Barry (Burkina Faso) qui termine en juillet ses 6 ans r\u00e9glementaires.<\/p>\n","protected":false},"author":19,"featured_media":75725,"comment_status":"closed","ping_status":"closed","sticky":false,"template":"","format":"standard","meta":{"_acf_changed":false,"footnotes":"","jetpack_publicize_message":"","jetpack_publicize_feature_enabled":true,"jetpack_social_post_already_shared":false,"jetpack_social_options":{"image_generator_settings":{"template":"highway","default_image_id":0,"font":"","enabled":false},"version":2}},"categories":[132],"tags":[2293,400],"class_list":["post-75724","post","type-post","status-publish","format-standard","has-post-thumbnail","hentry","category-actualites-du-bice","tag-droit-a-leducation-2","tag-education"],"acf":[],"yoast_head":"<!-- This site is optimized with the Yoast SEO plugin v27.2 - https:\/\/yoast.com\/product\/yoast-seo-wordpress\/ -->\n<title>Farida Shaheed, nouvelle experte ONU charg\u00e9e de l&#039;\u00e9ducation<\/title>\n<meta name=\"description\" content=\"Farida Shaheed vient d&#039;\u00eatre nomm\u00e9e, lors du Conseil des droits de l&#039;homme, nouvelle Rapporteuse sp\u00e9ciale sur le droit \u00e0 l\u2019\u00e9ducation \u00e0 l&#039;ONU.\" \/>\n<meta name=\"robots\" content=\"index, follow, max-snippet:-1, max-image-preview:large, max-video-preview:-1\" \/>\n<link rel=\"canonical\" href=\"https:\/\/bice.org\/fr\/wp-json\/wp\/v2\/posts\/75724\" \/>\n<meta property=\"og:locale\" content=\"fr_FR\" \/>\n<meta property=\"og:type\" content=\"article\" \/>\n<meta property=\"og:title\" content=\"Farida Shaheed, nouvelle experte ONU charg\u00e9e de l&#039;\u00e9ducation\" \/>\n<meta property=\"og:description\" content=\"Farida Shaheed vient d&#039;\u00eatre nomm\u00e9e, lors du Conseil des droits de l&#039;homme, nouvelle Rapporteuse sp\u00e9ciale sur le droit \u00e0 l\u2019\u00e9ducation \u00e0 l&#039;ONU.\" \/>\n<meta property=\"og:url\" content=\"https:\/\/bice.org\/fr\/onu-farida-shaheed-nouvelle-experte-en-charge-de-leducation\/\" \/>\n<meta property=\"og:site_name\" content=\"BICE - ONG de protection des droits de l&#039;enfant\" \/>\n<meta property=\"article:published_time\" content=\"2022-07-11T11:05:29+00:00\" \/>\n<meta property=\"article:modified_time\" content=\"2024-08-01T09:31:45+00:00\" \/>\n<meta property=\"og:image\" content=\"https:\/\/i0.wp.com\/bice.org\/app\/uploads\/2022\/07\/Farida_Shaheed.jpg?fit=1200%2C696&ssl=1\" \/>\n\t<meta property=\"og:image:width\" content=\"1200\" \/>\n\t<meta property=\"og:image:height\" content=\"696\" \/>\n\t<meta property=\"og:image:type\" content=\"image\/jpeg\" \/>\n<meta name=\"author\" content=\"Tiphaine POIDEVIN\" \/>\n<meta name=\"twitter:card\" content=\"summary_large_image\" \/>\n<meta name=\"twitter:label1\" content=\"\u00c9crit par\" \/>\n\t<meta name=\"twitter:data1\" content=\"Tiphaine POIDEVIN\" \/>\n\t<meta name=\"twitter:label2\" content=\"Dur\u00e9e de lecture estim\u00e9e\" \/>\n\t<meta name=\"twitter:data2\" content=\"2 minutes\" \/>\n<!-- \/ Yoast SEO plugin. -->","yoast_head_json":{"title":"Farida Shaheed, nouvelle experte ONU charg\u00e9e de l'\u00e9ducation","description":"Farida Shaheed vient d'\u00eatre nomm\u00e9e, lors du Conseil des droits de l'homme, nouvelle Rapporteuse sp\u00e9ciale sur le droit \u00e0 l\u2019\u00e9ducation \u00e0 l'ONU.","robots":{"index":"index","follow":"follow","max-snippet":"max-snippet:-1","max-image-preview":"max-image-preview:large","max-video-preview":"max-video-preview:-1"},"canonical":"https:\/\/bice.org\/fr\/wp-json\/wp\/v2\/posts\/75724","og_locale":"fr_FR","og_type":"article","og_title":"Farida Shaheed, nouvelle experte ONU charg\u00e9e de l'\u00e9ducation","og_description":"Farida Shaheed vient d'\u00eatre nomm\u00e9e, lors du Conseil des droits de l'homme, nouvelle Rapporteuse sp\u00e9ciale sur le droit \u00e0 l\u2019\u00e9ducation \u00e0 l'ONU.","og_url":"https:\/\/bice.org\/fr\/onu-farida-shaheed-nouvelle-experte-en-charge-de-leducation\/","og_site_name":"BICE - ONG de protection des droits de l&#039;enfant","article_published_time":"2022-07-11T11:05:29+00:00","article_modified_time":"2024-08-01T09:31:45+00:00","og_image":[{"width":1200,"height":696,"url":"https:\/\/i0.wp.com\/bice.org\/app\/uploads\/2022\/07\/Farida_Shaheed.jpg?fit=1200%2C696&ssl=1","type":"image\/jpeg"}],"author":"Tiphaine POIDEVIN","twitter_card":"summary_large_image","twitter_misc":{"\u00c9crit par":"Tiphaine POIDEVIN","Dur\u00e9e de lecture estim\u00e9e":"2 minutes"},"schema":{"@context":"https:\/\/schema.org","@graph":[{"@type":"Article","@id":"https:\/\/bice.org\/fr\/onu-farida-shaheed-nouvelle-experte-en-charge-de-leducation\/#article","isPartOf":{"@id":"https:\/\/bice.org\/fr\/onu-farida-shaheed-nouvelle-experte-en-charge-de-leducation\/"},"author":{"name":"Tiphaine POIDEVIN","@id":"https:\/\/bice.org\/fr\/#\/schema\/person\/86b15587982e756d45e62e1230e9759f"},"headline":"ONU. Farida Shaheed, nouvelle experte en charge de l\u2019\u00e9ducation","datePublished":"2022-07-11T11:05:29+00:00","dateModified":"2024-08-01T09:31:45+00:00","mainEntityOfPage":{"@id":"https:\/\/bice.org\/fr\/onu-farida-shaheed-nouvelle-experte-en-charge-de-leducation\/"},"wordCount":197,"publisher":{"@id":"https:\/\/bice.org\/fr\/#organization"},"image":{"@id":"https:\/\/bice.org\/fr\/onu-farida-shaheed-nouvelle-experte-en-charge-de-leducation\/#primaryimage"},"thumbnailUrl":"https:\/\/i0.wp.com\/bice.org\/app\/uploads\/2022\/07\/Farida_Shaheed.jpg?fit=1200%2C696&ssl=1","keywords":["droit \u00e0 l&#039;\u00e9ducation","\u00e9ducation"],"articleSection":["Actualit\u00e9s du BICE"],"inLanguage":"fr-FR"},{"@type":"WebPage","@id":"https:\/\/bice.org\/fr\/onu-farida-shaheed-nouvelle-experte-en-charge-de-leducation\/","url":"https:\/\/bice.org\/fr\/onu-farida-shaheed-nouvelle-experte-en-charge-de-leducation\/","name":"Farida Shaheed, nouvelle experte ONU charg\u00e9e de l'\u00e9ducation","isPartOf":{"@id":"https:\/\/bice.org\/fr\/#website"},"primaryImageOfPage":{"@id":"https:\/\/bice.org\/fr\/onu-farida-shaheed-nouvelle-experte-en-charge-de-leducation\/#primaryimage"},"image":{"@id":"https:\/\/bice.org\/fr\/onu-farida-shaheed-nouvelle-experte-en-charge-de-leducation\/#primaryimage"},"thumbnailUrl":"https:\/\/i0.wp.com\/bice.org\/app\/uploads\/2022\/07\/Farida_Shaheed.jpg?fit=1200%2C696&ssl=1","datePublished":"2022-07-11T11:05:29+00:00","dateModified":"2024-08-01T09:31:45+00:00","description":"Farida Shaheed vient d'\u00eatre nomm\u00e9e, lors du Conseil des droits de l'homme, nouvelle Rapporteuse sp\u00e9ciale sur le droit \u00e0 l\u2019\u00e9ducation \u00e0 l'ONU.","breadcrumb":{"@id":"https:\/\/bice.org\/fr\/onu-farida-shaheed-nouvelle-experte-en-charge-de-leducation\/#breadcrumb"},"inLanguage":"fr-FR","potentialAction":[{"@type":"ReadAction","target":["https:\/\/bice.org\/fr\/onu-farida-shaheed-nouvelle-experte-en-charge-de-leducation\/"]}]},{"@type":"ImageObject","inLanguage":"fr-FR","@id":"https:\/\/bice.org\/fr\/onu-farida-shaheed-nouvelle-experte-en-charge-de-leducation\/#primaryimage","url":"https:\/\/i0.wp.com\/bice.org\/app\/uploads\/2022\/07\/Farida_Shaheed.jpg?fit=1200%2C696&ssl=1","contentUrl":"https:\/\/i0.wp.com\/bice.org\/app\/uploads\/2022\/07\/Farida_Shaheed.jpg?fit=1200%2C696&ssl=1","width":1200,"height":696,"caption":"Farida Shaheed nouvelle experte \u00e9ducation ONU"},{"@type":"BreadcrumbList","@id":"https:\/\/bice.org\/fr\/onu-farida-shaheed-nouvelle-experte-en-charge-de-leducation\/#breadcrumb","itemListElement":[{"@type":"ListItem","position":1,"name":"Accueil","item":"https:\/\/bice.org\/fr\/"},{"@type":"ListItem","position":2,"name":"Actualit\u00e9s du BICE","item":"https:\/\/bice.org\/fr\/theme\/actualites-du-bice\/"},{"@type":"ListItem","position":3,"name":"ONU. Farida Shaheed, nouvelle experte en charge de l\u2019\u00e9ducation"}]},{"@type":"WebSite","@id":"https:\/\/bice.org\/fr\/#website","url":"https:\/\/bice.org\/fr\/","name":"BICE - ONG de protection des droits de l&#039;enfant","description":"Notre mission : D\u00e9fendre les droits et la dignit\u00e9 des enfants partout dans le monde","publisher":{"@id":"https:\/\/bice.org\/fr\/#organization"},"potentialAction":[{"@type":"SearchAction","target":{"@type":"EntryPoint","urlTemplate":"https:\/\/bice.org\/fr\/?s={search_term_string}"},"query-input":{"@type":"PropertyValueSpecification","valueRequired":true,"valueName":"search_term_string"}}],"inLanguage":"fr-FR"},{"@type":"Organization","@id":"https:\/\/bice.org\/fr\/#organization","name":"BICE","url":"https:\/\/bice.org\/fr\/","logo":{"@type":"ImageObject","inLanguage":"fr-FR","@id":"https:\/\/bice.org\/fr\/#\/schema\/logo\/image\/","url":"https:\/\/bice.org\/app\/uploads\/2022\/06\/favicon.ico","contentUrl":"https:\/\/bice.org\/app\/uploads\/2022\/06\/favicon.ico","width":64,"height":64,"caption":"BICE"},"image":{"@id":"https:\/\/bice.org\/fr\/#\/schema\/logo\/image\/"}},{"@type":"Person","@id":"https:\/\/bice.org\/fr\/#\/schema\/person\/86b15587982e756d45e62e1230e9759f","name":"Tiphaine POIDEVIN","image":{"@type":"ImageObject","inLanguage":"fr-FR","@id":"https:\/\/secure.gravatar.com\/avatar\/1e6863fae181af75938b89f792dfe2810d35ae7fd6ab1fb385614a15dff81a3a?s=96&d=mm&r=g","url":"https:\/\/secure.gravatar.com\/avatar\/1e6863fae181af75938b89f792dfe2810d35ae7fd6ab1fb385614a15dff81a3a?s=96&d=mm&r=g","contentUrl":"https:\/\/secure.gravatar.com\/avatar\/1e6863fae181af75938b89f792dfe2810d35ae7fd6ab1fb385614a15dff81a3a?s=96&d=mm&r=g","caption":"Tiphaine POIDEVIN"}}]}},"jetpack_publicize_connections":[],"jetpack_featured_media_url":"https:\/\/i0.wp.com\/bice.org\/app\/uploads\/2022\/07\/Farida_Shaheed.jpg?fit=1200%2C696&ssl=1","jetpack_sharing_enabled":true,"_links":{"self":[{"href":"https:\/\/bice.org\/fr\/wp-json\/wp\/v2\/posts\/75724","targetHints":{"allow":["GET"]}}],"collection":[{"href":"https:\/\/bice.org\/fr\/wp-json\/wp\/v2\/posts"}],"about":[{"href":"https:\/\/bice.org\/fr\/wp-json\/wp\/v2\/types\/post"}],"author":[{"embeddable":true,"href":"https:\/\/bice.org\/fr\/wp-json\/wp\/v2\/users\/19"}],"replies":[{"embeddable":true,"href":"https:\/\/bice.org\/fr\/wp-json\/wp\/v2\/comments?post=75724"}],"version-history":[{"count":0,"href":"https:\/\/bice.org\/fr\/wp-json\/wp\/v2\/posts\/75724\/revisions"}],"wp:featuredmedia":[{"embeddable":true,"href":"https:\/\/bice.org\/fr\/wp-json\/wp\/v2\/media\/75725"}],"wp:attachment":[{"href":"https:\/\/bice.org\/fr\/wp-json\/wp\/v2\/media?parent=75724"}],"wp:term":[{"taxonomy":"category","embeddable":true,"href":"https:\/\/bice.org\/fr\/wp-json\/wp\/v2\/categories?post=75724"},{"taxonomy":"post_tag","embeddable":true,"href":"https:\/\/bice.org\/fr\/wp-json\/wp\/v2\/tags?post=75724"}],"curies":[{"name":"wp","href":"https:\/\/api.w.org\/{rel}","templated":true}]}}