{"id":76921,"date":"2022-08-01T15:23:21","date_gmt":"2022-08-01T13:23:21","guid":{"rendered":"https:\/\/bice.org\/?p=76921"},"modified":"2024-05-13T12:20:11","modified_gmt":"2024-05-13T10:20:11","slug":"burkina-faso-des-tuteurs-de-resilience-pour-accompagner-les-enfants-traumatises-par-les-violences","status":"publish","type":"post","link":"https:\/\/bice.org\/fr\/burkina-faso-des-tuteurs-de-resilience-pour-accompagner-les-enfants-traumatises-par-les-violences\/","title":{"rendered":"Burkina Faso. Des tuteurs de r\u00e9silience pour accompagner les enfants traumatis\u00e9s par les violences"},"content":{"rendered":"\n<p>\u00ab&nbsp;<em>La formation insistait sur l\u2019importance de prendre le temps d\u2019observer l\u2019enfant accompagn\u00e9<\/em>,<em> de l\u2019\u00e9couter<\/em>, <em>de prendre en compte ce qu\u2019il est. Afin d\u2019identifier clairement ses besoins pour l\u2019aider \u00e0 reconstruire son estime de soi et \u00e0 \u00eatre acteur de son processus de r\u00e9silience. Chaque accompagnement est donc sp\u00e9cifique \u00e0 chaque b\u00e9n\u00e9ficiaire.&nbsp;Pour cela, nous avons appris \u00e0 r\u00e9aliser plusieurs types d\u2019ateliers r\u00e9silience adapt\u00e9s aux enfants<\/em>. <em>Cette formation a renforc\u00e9 nos connaissances et comp\u00e9tences. C\u2019\u00e9tait tr\u00e8s positif.<\/em> \u00bb<\/p>\n\n\n\n<p>Quinze personnes (aum\u00f4niers, pr\u00eatres, travailleurs sociaux et coordinateurs de projet) du nord du Burkina Faso ont particip\u00e9 \u00e0 une formation Tuteurs de <a href=\"https:\/\/bice.org\/fr\/la-resilience-au-coeur-de-notre-action\/quest-ce-que-la-resilience\/\">r\u00e9silience<\/a> organis\u00e9e en ligne fin mai-d\u00e9but juin dans le cadre d\u2019un projet d\u2019accompagnement des enfants d\u00e9plac\u00e9s men\u00e9 sur place par la CICM et la CEPMR. Et soutenu pendant l\u2019ann\u00e9e 2022 par le BICE.<\/p>\n\n\n\n<h2 class=\"wp-block-heading\">Mont\u00e9e de la violence au Burkina Faso&nbsp;: crise humanitaire et d\u00e9placements internes<\/h2>\n\n\n\n<p>La violence et l\u2019ins\u00e9curit\u00e9 pr\u00e9sentes au Mali et au Niger depuis une d\u00e9cennie en raison des attaques r\u00e9guli\u00e8res des groupes arm\u00e9s, dont beaucoup sont affili\u00e9s \u00e0 des groupes terroristes, ont en effet d\u00e9bord\u00e9 ces derni\u00e8res ann\u00e9es sur le Burkina Faso. Provoquant une crise humanitaire et des <a href=\"https:\/\/bice.org\/fr\/actions-de-terrain\/domaines-daction\/le-bice-accompagne-les-enfants-refugies-et-deplaces-internes\/\">d\u00e9placements internes<\/a> massifs dans le pays. Au cours des trois derni\u00e8res ann\u00e9es, le nombre de personnes d\u00e9plac\u00e9es \u00e0 l&#8217;int\u00e9rieur du pays a \u00e9t\u00e9 multipli\u00e9 par 45. Pour atteindre pr\u00e8s de 1,4 million. Dans ce contexte, l&#8217;acc\u00e8s \u00e0 la nourriture, \u00e0 l&#8217;eau, \u00e0 l&#8217;assainissement et \u00e0 l&#8217;hygi\u00e8ne, \u00e0 l&#8217;\u00e9ducation et aux services sociaux de base est de plus en plus difficile pour les communaut\u00e9s d\u00e9plac\u00e9es. Dont beaucoup ont v\u00e9cu de multiples \u00e9v\u00e9nements traumatiques.<\/p>\n\n\n\n<h2 class=\"wp-block-heading\">De nombreux enfants parmi les personnes d\u00e9plac\u00e9es&nbsp;: un espace ami des enfants \u00e0 Bourzanga<\/h2>\n\n\n\n<p>Dans la ville de Bourzanga, au nord du pays, on estime que 70 % des quelque 45 000 personnes d\u00e9plac\u00e9es ont moins de 18 ans. La paroisse y abrite environ 1 200 d\u00e9plac\u00e9s internes, dont 36 enfants devenus orphelins suite \u00e0 des attaques terroristes. Face \u00e0 cette triste r\u00e9alit\u00e9, la CICM et la CEPMR ont ouvert en 2021 un espace ami des enfants au sein de la paroisse. Ce lieu fournit une protection, une \u00e9ducation informelle et des activit\u00e9s r\u00e9cr\u00e9atives \u00e0 une centaine d&#8217;enfants. Il accompagne aussi les parents vers une \u00e9ducation positive et les oriente sur le plan social.<\/p>\n\n\n\n<p>Depuis d\u00e9but 2022, avec l\u2019appui du BICE, l\u2019espace ami des enfants renforce ses actions. Il met notamment en place un soutien psychosocial pour les enfants d\u00e9plac\u00e9s qui en ressentent le besoin. Les recherches sur la sant\u00e9 mentale des enfants et des adultes expos\u00e9s aux conflits arm\u00e9s et aux d\u00e9placements ont en effet r\u00e9v\u00e9l\u00e9 une forte pr\u00e9sence de troubles de stress post-traumatique. Proposer un soutien psychosocial imm\u00e9diat aux personnes fragilis\u00e9es les aide alors \u00e0 se reconstruire et \u00e0 se projeter de nouveau dans l\u2019avenir. Pour agir vite, l&#8217;implication des \u00e9ducateurs et des travailleurs sociaux au contact chaque jour des enfants d\u00e9plac\u00e9s est primordial.<\/p>\n\n\n\n<h2 class=\"wp-block-heading\">Apport de la formation Tuteurs de r\u00e9silience dans l\u2019accompagnement psychosocial des enfants<\/h2>\n\n\n\n<p>La formation <a href=\"https:\/\/bice.org\/fr\/la-resilience-au-coeur-de-notre-action\/les-tuteurs-de-resilience\/\">Tuteurs de r\u00e9silience<\/a> anim\u00e9e par Francesca Giordano de l\u2019Universit\u00e9 catholique de Milan, partenaire du BICE, se propose donc de fournir aux acteurs sociaux des m\u00e9thodes, des outils pratiques et des orientations ax\u00e9s sur la r\u00e9silience. La premi\u00e8re partie de la formation \u00e9tait consacr\u00e9e \u00e0 la transmission du mod\u00e8le de tuteur de r\u00e9silience&nbsp;: Qu\u2019est-ce que la r\u00e9silience assist\u00e9e&nbsp;? Quel est le r\u00f4le du tuteur de r\u00e9silience&nbsp;? Comment intervenir aupr\u00e8s des b\u00e9n\u00e9ficiaires&nbsp;? Comment d\u00e9finir le traumatisme psychologique&nbsp;?<\/p>\n\n\n\n<p>\u00ab&nbsp;<em>Notre approche est bas\u00e9e sur l&#8217;hypoth\u00e8se qu&#8217;au lieu de se concentrer uniquement sur les faiblesses du b\u00e9n\u00e9ficiaire et les moyens de les compenser, qu\u2019au lieu de diagnostiquer les probl\u00e8mes et d&#8217;offrir des solutions toutes faites, il est plus constructif de rechercher avec le b\u00e9n\u00e9ficiaire ses forces internes et externes (entourage, environnement) afin qu\u2019il les mobilise pour mener son processus de r\u00e9silience. Il est donc important de ne pas consid\u00e9rer la personne aid\u00e9e comme une victime, mais comme un acteur de sa propre vie<\/em>&nbsp;\u00bb, explique la psychologue Francesca Giordano. Pour travailler avec les enfants sur l\u2019identification de leurs ressources et des difficult\u00e9s rencontr\u00e9es, il existe ainsi plusieurs ateliers&nbsp;enseign\u00e9s pendant la formation.<\/p>\n\n\n\n<figure class=\"wp-block-image size-full\"><img data-recalc-dims=\"1\" decoding=\"async\" width=\"1000\" height=\"580\" src=\"https:\/\/i0.wp.com\/bice.org\/app\/uploads\/2022\/08\/formation-resilience-burkina-faso.jpg?resize=1000%2C580&#038;ssl=1\" alt=\"formation resilience burkina faso\" class=\"wp-image-76929\" srcset=\"https:\/\/i0.wp.com\/bice.org\/app\/uploads\/2022\/08\/formation-resilience-burkina-faso.jpg?w=1000&amp;ssl=1 1000w, https:\/\/i0.wp.com\/bice.org\/app\/uploads\/2022\/08\/formation-resilience-burkina-faso.jpg?resize=300%2C174&amp;ssl=1 300w, https:\/\/i0.wp.com\/bice.org\/app\/uploads\/2022\/08\/formation-resilience-burkina-faso.jpg?resize=768%2C445&amp;ssl=1 768w, https:\/\/i0.wp.com\/bice.org\/app\/uploads\/2022\/08\/formation-resilience-burkina-faso.jpg?resize=600%2C348&amp;ssl=1 600w\" sizes=\"(max-width: 1000px) 100vw, 1000px\" \/><\/figure>\n\n\n\n<h2 class=\"wp-block-heading\">Reconna\u00eetre les sympt\u00f4mes du traumatisme et offrir un accompagnement d\u2019urgence aux enfants<\/h2>\n\n\n\n<p>&nbsp;Les acteurs sociaux ont ensuite appris \u00e0 reconna\u00eetre les diff\u00e9rents sympt\u00f4mes du traumatisme et quel est le r\u00f4le du tuteur de r\u00e9silience. \u00ab&nbsp;<em>Le traumatisme brise trois croyances chez une personne&nbsp;: le monde a du sens, les autres sont bienveillants et le soi a une valeur. Le tuteur de r\u00e9silience, gr\u00e2ce \u00e0 une \u00e9coute et une communication active, est l\u00e0 pour aider l\u2019enfant \u00e0 reconstruire ces trois valeurs\u2026 Et donc \u00e0 se reconstruire.&nbsp;Pour cela, il doit en premier lieu cr\u00e9er <\/em><em>une relation de confiance avec le b\u00e9n\u00e9ficiaire ce qui n\u2019est pas toujours \u00e9vident, dans un contexte de guerre, de violences, de migration forc\u00e9e car souvent l\u2019enfant ne croit plus en l\u2019autre. <\/em><em>\u00bb<\/em><\/p>\n\n\n\n<p>La deuxi\u00e8me partie de la formation portait donc sur la r\u00e9daction par les participants d\u2019un plan d\u2019actions du tuteur de r\u00e9silience. C\u2019est-\u00e0-dire une liste d\u00e9taill\u00e9e d\u2019actions, d\u2019ateliers qu\u2019ils pr\u00e9voient de mettre en \u0153uvre sur le terrain pour accompagner les enfants souffrant de traumatismes. Une deuxi\u00e8me partie tr\u00e8s concr\u00e8te. Qui a permis aux acteurs sociaux de mettre en pratique leurs nouveaux apprentissages d\u00e8s le retour de formation.<\/p>\n\n\n\n<p class=\"has-small-font-size\">*CICM&nbsp;: Commission internationale catholique pour les migrations&nbsp;; CEPMR&nbsp;: Commission \u00e9piscopale pour la pastorale des migrants et des r\u00e9fugi\u00e9s<\/p>\n","protected":false},"excerpt":{"rendered":"<p>Le BICE, en partenariat avec son partenaire l\u2019Universit\u00e9 catholique de Milan, a organis\u00e9 une formation Tuteurs de r\u00e9silience en ligne fin mai pour des acteurs sociaux du nord du Burkina Faso en proie depuis quelques ann\u00e9es \u00e0 l\u2019augmentation des attaques terroristes. Cette formation fait partie d\u2019un projet plus large d\u2019un an pour soutenir un espace Ami des enfants cr\u00e9\u00e9 en 2021 par la CICM* et la CEMPR* \u00e0 Bourzanga.<\/p>\n","protected":false},"author":19,"featured_media":76926,"comment_status":"closed","ping_status":"closed","sticky":false,"template":"","format":"standard","meta":{"_acf_changed":false,"footnotes":"","jetpack_publicize_message":"","jetpack_publicize_feature_enabled":true,"jetpack_social_post_already_shared":false,"jetpack_social_options":{"image_generator_settings":{"template":"highway","default_image_id":0,"font":"","enabled":false},"version":2}},"categories":[132],"tags":[2295,1419,2294,1056,737],"class_list":["post-76921","post","type-post","status-publish","format-standard","has-post-thumbnail","hentry","category-actualites-du-bice","tag-burkina-faso","tag-enfants-deplaces","tag-enfants-traumatises","tag-formation","tag-tuteurs-de-resilience"],"acf":[],"yoast_head":"<!-- This site is optimized with the Yoast SEO plugin v27.2 - https:\/\/yoast.com\/product\/yoast-seo-wordpress\/ -->\n<title>Accompagnement des enfants d\u00e9plac\u00e9s au Burkina Faso<\/title>\n<meta name=\"description\" content=\"Le BICE a organis\u00e9 une formation Tuteurs de r\u00e9silience pour des acteurs sociaux du nord du Burkina Faso qui aident des enfants d\u00e9plac\u00e9s.\" \/>\n<meta name=\"robots\" content=\"index, follow, max-snippet:-1, max-image-preview:large, max-video-preview:-1\" \/>\n<link rel=\"canonical\" href=\"https:\/\/bice.org\/fr\/wp-json\/wp\/v2\/posts\/76921\" \/>\n<meta property=\"og:locale\" content=\"fr_FR\" \/>\n<meta property=\"og:type\" content=\"article\" \/>\n<meta property=\"og:title\" content=\"Accompagnement des enfants d\u00e9plac\u00e9s au Burkina Faso\" \/>\n<meta property=\"og:description\" content=\"Le BICE a organis\u00e9 une formation Tuteurs de r\u00e9silience pour des acteurs sociaux du nord du Burkina Faso qui aident des enfants d\u00e9plac\u00e9s.\" \/>\n<meta property=\"og:url\" content=\"https:\/\/bice.org\/fr\/burkina-faso-des-tuteurs-de-resilience-pour-accompagner-les-enfants-traumatises-par-les-violences\/\" \/>\n<meta property=\"og:site_name\" content=\"BICE - ONG de protection des droits de l&#039;enfant\" \/>\n<meta property=\"article:published_time\" content=\"2022-08-01T13:23:21+00:00\" \/>\n<meta property=\"article:modified_time\" content=\"2024-05-13T10:20:11+00:00\" \/>\n<meta property=\"og:image\" content=\"https:\/\/i0.wp.com\/bice.org\/app\/uploads\/2022\/08\/enfant-burkina-faso.jpg?fit=1000%2C580&ssl=1\" \/>\n\t<meta property=\"og:image:width\" content=\"1000\" \/>\n\t<meta property=\"og:image:height\" content=\"580\" \/>\n\t<meta property=\"og:image:type\" content=\"image\/jpeg\" \/>\n<meta name=\"author\" content=\"Tiphaine POIDEVIN\" \/>\n<meta name=\"twitter:card\" content=\"summary_large_image\" \/>\n<meta name=\"twitter:label1\" content=\"\u00c9crit par\" \/>\n\t<meta name=\"twitter:data1\" content=\"Tiphaine POIDEVIN\" \/>\n\t<meta name=\"twitter:label2\" content=\"Dur\u00e9e de lecture estim\u00e9e\" \/>\n\t<meta name=\"twitter:data2\" content=\"5 minutes\" \/>\n<!-- \/ Yoast SEO plugin. -->","yoast_head_json":{"title":"Accompagnement des enfants d\u00e9plac\u00e9s au Burkina Faso","description":"Le BICE a organis\u00e9 une formation Tuteurs de r\u00e9silience pour des acteurs sociaux du nord du Burkina Faso qui aident des enfants d\u00e9plac\u00e9s.","robots":{"index":"index","follow":"follow","max-snippet":"max-snippet:-1","max-image-preview":"max-image-preview:large","max-video-preview":"max-video-preview:-1"},"canonical":"https:\/\/bice.org\/fr\/wp-json\/wp\/v2\/posts\/76921","og_locale":"fr_FR","og_type":"article","og_title":"Accompagnement des enfants d\u00e9plac\u00e9s au Burkina Faso","og_description":"Le BICE a organis\u00e9 une formation Tuteurs de r\u00e9silience pour des acteurs sociaux du nord du Burkina Faso qui aident des enfants d\u00e9plac\u00e9s.","og_url":"https:\/\/bice.org\/fr\/burkina-faso-des-tuteurs-de-resilience-pour-accompagner-les-enfants-traumatises-par-les-violences\/","og_site_name":"BICE - ONG de protection des droits de l&#039;enfant","article_published_time":"2022-08-01T13:23:21+00:00","article_modified_time":"2024-05-13T10:20:11+00:00","og_image":[{"width":1000,"height":580,"url":"https:\/\/i0.wp.com\/bice.org\/app\/uploads\/2022\/08\/enfant-burkina-faso.jpg?fit=1000%2C580&ssl=1","type":"image\/jpeg"}],"author":"Tiphaine POIDEVIN","twitter_card":"summary_large_image","twitter_misc":{"\u00c9crit par":"Tiphaine POIDEVIN","Dur\u00e9e de lecture estim\u00e9e":"5 minutes"},"schema":{"@context":"https:\/\/schema.org","@graph":[{"@type":"Article","@id":"https:\/\/bice.org\/fr\/burkina-faso-des-tuteurs-de-resilience-pour-accompagner-les-enfants-traumatises-par-les-violences\/#article","isPartOf":{"@id":"https:\/\/bice.org\/fr\/burkina-faso-des-tuteurs-de-resilience-pour-accompagner-les-enfants-traumatises-par-les-violences\/"},"author":{"name":"Tiphaine POIDEVIN","@id":"https:\/\/bice.org\/fr\/#\/schema\/person\/86b15587982e756d45e62e1230e9759f"},"headline":"Burkina Faso. Des tuteurs de r\u00e9silience pour accompagner les enfants traumatis\u00e9s par les violences","datePublished":"2022-08-01T13:23:21+00:00","dateModified":"2024-05-13T10:20:11+00:00","mainEntityOfPage":{"@id":"https:\/\/bice.org\/fr\/burkina-faso-des-tuteurs-de-resilience-pour-accompagner-les-enfants-traumatises-par-les-violences\/"},"wordCount":1050,"publisher":{"@id":"https:\/\/bice.org\/fr\/#organization"},"image":{"@id":"https:\/\/bice.org\/fr\/burkina-faso-des-tuteurs-de-resilience-pour-accompagner-les-enfants-traumatises-par-les-violences\/#primaryimage"},"thumbnailUrl":"https:\/\/i0.wp.com\/bice.org\/app\/uploads\/2022\/08\/enfant-burkina-faso.jpg?fit=1000%2C580&ssl=1","keywords":["burkina faso","enfants d\u00e9plac\u00e9s","enfants traumatis\u00e9s","formation","Tuteurs de r\u00e9silience"],"articleSection":["Actualit\u00e9s du BICE"],"inLanguage":"fr-FR"},{"@type":"WebPage","@id":"https:\/\/bice.org\/fr\/burkina-faso-des-tuteurs-de-resilience-pour-accompagner-les-enfants-traumatises-par-les-violences\/","url":"https:\/\/bice.org\/fr\/burkina-faso-des-tuteurs-de-resilience-pour-accompagner-les-enfants-traumatises-par-les-violences\/","name":"Accompagnement des enfants d\u00e9plac\u00e9s au Burkina Faso","isPartOf":{"@id":"https:\/\/bice.org\/fr\/#website"},"primaryImageOfPage":{"@id":"https:\/\/bice.org\/fr\/burkina-faso-des-tuteurs-de-resilience-pour-accompagner-les-enfants-traumatises-par-les-violences\/#primaryimage"},"image":{"@id":"https:\/\/bice.org\/fr\/burkina-faso-des-tuteurs-de-resilience-pour-accompagner-les-enfants-traumatises-par-les-violences\/#primaryimage"},"thumbnailUrl":"https:\/\/i0.wp.com\/bice.org\/app\/uploads\/2022\/08\/enfant-burkina-faso.jpg?fit=1000%2C580&ssl=1","datePublished":"2022-08-01T13:23:21+00:00","dateModified":"2024-05-13T10:20:11+00:00","description":"Le BICE a organis\u00e9 une formation Tuteurs de r\u00e9silience pour des acteurs sociaux du nord du Burkina Faso qui aident des enfants d\u00e9plac\u00e9s.","breadcrumb":{"@id":"https:\/\/bice.org\/fr\/burkina-faso-des-tuteurs-de-resilience-pour-accompagner-les-enfants-traumatises-par-les-violences\/#breadcrumb"},"inLanguage":"fr-FR","potentialAction":[{"@type":"ReadAction","target":["https:\/\/bice.org\/fr\/burkina-faso-des-tuteurs-de-resilience-pour-accompagner-les-enfants-traumatises-par-les-violences\/"]}]},{"@type":"ImageObject","inLanguage":"fr-FR","@id":"https:\/\/bice.org\/fr\/burkina-faso-des-tuteurs-de-resilience-pour-accompagner-les-enfants-traumatises-par-les-violences\/#primaryimage","url":"https:\/\/i0.wp.com\/bice.org\/app\/uploads\/2022\/08\/enfant-burkina-faso.jpg?fit=1000%2C580&ssl=1","contentUrl":"https:\/\/i0.wp.com\/bice.org\/app\/uploads\/2022\/08\/enfant-burkina-faso.jpg?fit=1000%2C580&ssl=1","width":1000,"height":580,"caption":"\u00a9 Adobe Stock"},{"@type":"BreadcrumbList","@id":"https:\/\/bice.org\/fr\/burkina-faso-des-tuteurs-de-resilience-pour-accompagner-les-enfants-traumatises-par-les-violences\/#breadcrumb","itemListElement":[{"@type":"ListItem","position":1,"name":"Accueil","item":"https:\/\/bice.org\/fr\/"},{"@type":"ListItem","position":2,"name":"Actualit\u00e9s du BICE","item":"https:\/\/bice.org\/fr\/theme\/actualites-du-bice\/"},{"@type":"ListItem","position":3,"name":"Burkina Faso. Des tuteurs de r\u00e9silience pour accompagner les enfants traumatis\u00e9s par les violences"}]},{"@type":"WebSite","@id":"https:\/\/bice.org\/fr\/#website","url":"https:\/\/bice.org\/fr\/","name":"BICE - ONG de protection des droits de l&#039;enfant","description":"Notre mission : D\u00e9fendre les droits et la dignit\u00e9 des enfants partout dans le monde","publisher":{"@id":"https:\/\/bice.org\/fr\/#organization"},"potentialAction":[{"@type":"SearchAction","target":{"@type":"EntryPoint","urlTemplate":"https:\/\/bice.org\/fr\/?s={search_term_string}"},"query-input":{"@type":"PropertyValueSpecification","valueRequired":true,"valueName":"search_term_string"}}],"inLanguage":"fr-FR"},{"@type":"Organization","@id":"https:\/\/bice.org\/fr\/#organization","name":"BICE","url":"https:\/\/bice.org\/fr\/","logo":{"@type":"ImageObject","inLanguage":"fr-FR","@id":"https:\/\/bice.org\/fr\/#\/schema\/logo\/image\/","url":"https:\/\/bice.org\/app\/uploads\/2022\/06\/favicon.ico","contentUrl":"https:\/\/bice.org\/app\/uploads\/2022\/06\/favicon.ico","width":64,"height":64,"caption":"BICE"},"image":{"@id":"https:\/\/bice.org\/fr\/#\/schema\/logo\/image\/"}},{"@type":"Person","@id":"https:\/\/bice.org\/fr\/#\/schema\/person\/86b15587982e756d45e62e1230e9759f","name":"Tiphaine POIDEVIN","image":{"@type":"ImageObject","inLanguage":"fr-FR","@id":"https:\/\/secure.gravatar.com\/avatar\/1e6863fae181af75938b89f792dfe2810d35ae7fd6ab1fb385614a15dff81a3a?s=96&d=mm&r=g","url":"https:\/\/secure.gravatar.com\/avatar\/1e6863fae181af75938b89f792dfe2810d35ae7fd6ab1fb385614a15dff81a3a?s=96&d=mm&r=g","contentUrl":"https:\/\/secure.gravatar.com\/avatar\/1e6863fae181af75938b89f792dfe2810d35ae7fd6ab1fb385614a15dff81a3a?s=96&d=mm&r=g","caption":"Tiphaine POIDEVIN"}}]}},"jetpack_publicize_connections":[],"jetpack_featured_media_url":"https:\/\/i0.wp.com\/bice.org\/app\/uploads\/2022\/08\/enfant-burkina-faso.jpg?fit=1000%2C580&ssl=1","jetpack_sharing_enabled":true,"_links":{"self":[{"href":"https:\/\/bice.org\/fr\/wp-json\/wp\/v2\/posts\/76921","targetHints":{"allow":["GET"]}}],"collection":[{"href":"https:\/\/bice.org\/fr\/wp-json\/wp\/v2\/posts"}],"about":[{"href":"https:\/\/bice.org\/fr\/wp-json\/wp\/v2\/types\/post"}],"author":[{"embeddable":true,"href":"https:\/\/bice.org\/fr\/wp-json\/wp\/v2\/users\/19"}],"replies":[{"embeddable":true,"href":"https:\/\/bice.org\/fr\/wp-json\/wp\/v2\/comments?post=76921"}],"version-history":[{"count":0,"href":"https:\/\/bice.org\/fr\/wp-json\/wp\/v2\/posts\/76921\/revisions"}],"wp:featuredmedia":[{"embeddable":true,"href":"https:\/\/bice.org\/fr\/wp-json\/wp\/v2\/media\/76926"}],"wp:attachment":[{"href":"https:\/\/bice.org\/fr\/wp-json\/wp\/v2\/media?parent=76921"}],"wp:term":[{"taxonomy":"category","embeddable":true,"href":"https:\/\/bice.org\/fr\/wp-json\/wp\/v2\/categories?post=76921"},{"taxonomy":"post_tag","embeddable":true,"href":"https:\/\/bice.org\/fr\/wp-json\/wp\/v2\/tags?post=76921"}],"curies":[{"name":"wp","href":"https:\/\/api.w.org\/{rel}","templated":true}]}}